{"id":109,"date":"2024-03-05T18:15:01","date_gmt":"2024-03-05T18:15:01","guid":{"rendered":"https:\/\/bazarinformativo.com\/?p=109"},"modified":"2024-03-05T18:15:02","modified_gmt":"2024-03-05T18:15:02","slug":"fellito-subervi-estamos-cambiando-canadas-de-terror-por-espacios-de-vida","status":"publish","type":"post","link":"https:\/\/bazarinformativo.com\/index.php\/2024\/03\/05\/fellito-subervi-estamos-cambiando-canadas-de-terror-por-espacios-de-vida\/","title":{"rendered":"Fellito Suberv\u00ed: \u201cEstamos cambiando ca\u00f1adas de terror por espacios de vida\u201d"},"content":{"rendered":"\n<ul class=\"wp-block-list\">\n<li>El funcionario resalt\u00f3 el saneamiento definitivo de afluentes altamente contaminados que hoy est\u00e1n convertidos en atractivos parques, espacios de esparcimiento y recreaci\u00f3n para el disfrute de las comunidades<\/li>\n<\/ul>\n\n\n\n<p>El director general de la Corporaci\u00f3n del Acueducto y Alcantarillado de Santo Domingo (CAASD), ingeniero Felipe Suberv\u00ed, Fellito, destac\u00f3 que el programa de saneamiento de ca\u00f1adas contaminadas ha salvado y cambiado la vida a miles de personas del Distrito Nacional y la provincia Santo Domingo.<\/p>\n\n\n\n<p>\u201cNo es lo mismo tener la ca\u00f1ada al lado suyo, que jugar y practicar alg\u00fan deporte encima de esta. Y eso es lo que estamos haciendo en este gobierno que encabeza el presidente Luis Abinader, cambiar ca\u00f1adas por espacios de vida\u201d, expres\u00f3.<\/p>\n\n\n\n<p>Suberv\u00ed coment\u00f3, que cuando lleg\u00f3 a la instituci\u00f3n, elabor\u00f3 un plan de trabajo enfocado en el saneamiento de ca\u00f1adas, luego de verificar la gran cantidad que hab\u00eda a cielo abierto en el Gran Santo Domingo, las cuales constitu\u00edan un peligro para las comunidades circundantes.<\/p>\n\n\n\n<p>\u201cRecuerdo que mientras hac\u00eda pol\u00edtica por los barrios me percataba de la situaci\u00f3n en la que viv\u00edan cientos de familias y me preguntaba por qu\u00e9 ning\u00fan gobierno se preocupaba en dar soluciones definitivas a un problema tan perturbador como las ca\u00f1adas a cielo abierto\u201d, cont\u00f3 el funcionario.<\/p>\n\n\n\n<blockquote class=\"wp-block-quote is-layout-flow wp-block-quote-is-layout-flow\">\n<p>Fellito Subervi<\/p>\n<\/blockquote>\n\n\n\n<p>Explic\u00f3 que el saneamiento de estos afluentes que se hace por cajones no viene solo, sino acompa\u00f1ado de otros componentes que mejoran la calidad de vida de las comunidades impactadas de manera positiva con la creaci\u00f3n de acceso a los servicios, paisajismo, embellecimiento de las \u00e1reas circundantes, habilitaci\u00f3n de espacios para el entretenimiento, as\u00ed como la construcci\u00f3n y reparaci\u00f3n de viviendas.<\/p>\n\n\n\n<p>Entre las ca\u00f1adas emblem\u00e1ticas del Gran Santo Domingo que hoy est\u00e1n convertidas en espacios de vida est\u00e1n: la ca\u00f1ada Tiradentes, con el Cristo Park; Altos de Sabana Perdida con Sabana Park; Cach\u00f3n Oeste, Cancino Adentro, Los Rieles, Los Cocos, Villa Emilia I, II, Los Dulceros, Caf\u00e9 de Herrera, La Malanga, San Luis y Dos de Enero.<\/p>\n\n\n\n<p>En proceso de saneamiento se encuentran: Guajim\u00eda, La 800ta, en Los R\u00edos, Los Peralejos, Paseo de la Gracia de Dios en Villa Marina, y Mara\u00f1\u00f3n, en sus fases I y II, III y IV, esta \u00faltima una de las m\u00e1s contaminadas y grandes de Santo Domingo Norte, con 2.5 kil\u00f3metros.<\/p>\n\n\n\n<p>El trabajo consiste en la construcci\u00f3n de una alcantarilla tipo caj\u00f3n que mejora el drenaje pluvial y sanitario de las viviendas que colindan con los afluentes, la construcci\u00f3n de v\u00edas de acceso, adem\u00e1s de la colocaci\u00f3n de tuber\u00edas para la distribuci\u00f3n de agua potable, construcci\u00f3n de registros pluviales y sanitarios.<\/p>\n","protected":false},"excerpt":{"rendered":"<p>El director general de la Corporaci\u00f3n del Acueducto y Alcantarillado de Santo Domingo (CAASD), ingeniero Felipe Suberv\u00ed, Fellito, destac\u00f3 que el programa de saneamiento de ca\u00f1adas contaminadas ha salvado y cambiado la vida a miles de personas del Distrito Nacional y la provincia Santo Domingo. \u201cNo es lo mismo tener la ca\u00f1ada al lado suyo, [&hellip;]<\/p>\n","protected":false},"author":2,"featured_media":111,"comment_status":"open","ping_status":"closed","sticky":false,"template":"","format":"standard","meta":{"_et_pb_use_builder":"off","_et_pb_old_content":"","_et_gb_content_width":"","_jetpack_memberships_contains_paid_content":false,"footnotes":""},"categories":[10],"tags":[],"class_list":["post-109","post","type-post","status-publish","format-standard","has-post-thumbnail","hentry","category-nacional","et-has-post-format-content","et_post_format-et-post-format-standard"],"yoast_head":"<!-- This site is optimized with the Yoast SEO plugin v23.0 - https:\/\/yoast.com\/wordpress\/plugins\/seo\/ -->\n<title>Fellito Suberv\u00ed: \u201cEstamos cambiando ca\u00f1adas de terror por espacios de vida\u201d - Bazar Informativo Nacionales<\/title>\n<meta name=\"robots\" content=\"index, follow, max-snippet:-1, max-image-preview:large, max-video-preview:-1\" \/>\n<link rel=\"canonical\" href=\"https:\/\/bazarinformativo.com\/index.php\/2024\/03\/05\/fellito-subervi-estamos-cambiando-canadas-de-terror-por-espacios-de-vida\/\" \/>\n<meta property=\"og:locale\" content=\"es_ES\" \/>\n<meta property=\"og:type\" content=\"article\" \/>\n<meta property=\"og:title\" content=\"Fellito Suberv\u00ed: \u201cEstamos cambiando ca\u00f1adas de terror por espacios de vida\u201d - Bazar Informativo Nacionales\" \/>\n<meta property=\"og:description\" content=\"El director general de la Corporaci\u00f3n del Acueducto y Alcantarillado de Santo Domingo (CAASD), ingeniero Felipe Suberv\u00ed, Fellito, destac\u00f3 que el programa de saneamiento de ca\u00f1adas contaminadas ha salvado y cambiado la vida a miles de personas del Distrito Nacional y la provincia Santo Domingo. \u201cNo es lo mismo tener la ca\u00f1ada al lado suyo, [&hellip;]\" \/>\n<meta property=\"og:url\" content=\"https:\/\/bazarinformativo.com\/index.php\/2024\/03\/05\/fellito-subervi-estamos-cambiando-canadas-de-terror-por-espacios-de-vida\/\" \/>\n<meta property=\"og:site_name\" content=\"Bazar Informativo\" \/>\n<meta property=\"article:published_time\" content=\"2024-03-05T18:15:01+00:00\" \/>\n<meta property=\"article:modified_time\" content=\"2024-03-05T18:15:02+00:00\" \/>\n<meta property=\"og:image\" content=\"https:\/\/bazarinformativo.com\/wp-content\/uploads\/2024\/03\/CAS_9929-scaled.jpg\" \/>\n\t<meta property=\"og:image:width\" content=\"2560\" \/>\n\t<meta property=\"og:image:height\" content=\"1709\" \/>\n\t<meta property=\"og:image:type\" content=\"image\/jpeg\" \/>\n<meta name=\"author\" content=\"Redaccion Bazar\" \/>\n<meta name=\"twitter:card\" content=\"summary_large_image\" \/>\n<meta name=\"twitter:label1\" content=\"Escrito por\" \/>\n\t<meta name=\"twitter:data1\" content=\"Redaccion Bazar\" \/>\n\t<meta name=\"twitter:label2\" content=\"Tiempo de lectura\" \/>\n\t<meta name=\"twitter:data2\" content=\"3 minutos\" \/>\n<script type=\"application\/ld+json\" class=\"yoast-schema-graph\">{\"@context\":\"https:\/\/schema.org\",\"@graph\":[{\"@type\":\"WebPage\",\"@id\":\"https:\/\/bazarinformativo.com\/index.php\/2024\/03\/05\/fellito-subervi-estamos-cambiando-canadas-de-terror-por-espacios-de-vida\/\",\"url\":\"https:\/\/bazarinformativo.com\/index.php\/2024\/03\/05\/fellito-subervi-estamos-cambiando-canadas-de-terror-por-espacios-de-vida\/\",\"name\":\"Fellito Suberv\u00ed: \u201cEstamos cambiando ca\u00f1adas de terror por espacios de vida\u201d - Bazar Informativo Nacionales\",\"isPartOf\":{\"@id\":\"https:\/\/bazarinformativo.com\/#website\"},\"primaryImageOfPage\":{\"@id\":\"https:\/\/bazarinformativo.com\/index.php\/2024\/03\/05\/fellito-subervi-estamos-cambiando-canadas-de-terror-por-espacios-de-vida\/#primaryimage\"},\"image\":{\"@id\":\"https:\/\/bazarinformativo.com\/index.php\/2024\/03\/05\/fellito-subervi-estamos-cambiando-canadas-de-terror-por-espacios-de-vida\/#primaryimage\"},\"thumbnailUrl\":\"https:\/\/bazarinformativo.com\/wp-content\/uploads\/2024\/03\/CAS_9929-scaled.jpg\",\"datePublished\":\"2024-03-05T18:15:01+00:00\",\"dateModified\":\"2024-03-05T18:15:02+00:00\",\"author\":{\"@id\":\"https:\/\/bazarinformativo.com\/#\/schema\/person\/9e8b2db2f7f278df35410d4d9b7e9139\"},\"breadcrumb\":{\"@id\":\"https:\/\/bazarinformativo.com\/index.php\/2024\/03\/05\/fellito-subervi-estamos-cambiando-canadas-de-terror-por-espacios-de-vida\/#breadcrumb\"},\"inLanguage\":\"es\",\"potentialAction\":[{\"@type\":\"ReadAction\",\"target\":[\"https:\/\/bazarinformativo.com\/index.php\/2024\/03\/05\/fellito-subervi-estamos-cambiando-canadas-de-terror-por-espacios-de-vida\/\"]}]},{\"@type\":\"ImageObject\",\"inLanguage\":\"es\",\"@id\":\"https:\/\/bazarinformativo.com\/index.php\/2024\/03\/05\/fellito-subervi-estamos-cambiando-canadas-de-terror-por-espacios-de-vida\/#primaryimage\",\"url\":\"https:\/\/bazarinformativo.com\/wp-content\/uploads\/2024\/03\/CAS_9929-scaled.jpg\",\"contentUrl\":\"https:\/\/bazarinformativo.com\/wp-content\/uploads\/2024\/03\/CAS_9929-scaled.jpg\",\"width\":2560,\"height\":1709,\"caption\":\"Fellito Subervi: \\\"Estamos cambiando ca\u00f1adas de terror por espacios de vida\u201d FUENTE EXTERNA\"},{\"@type\":\"BreadcrumbList\",\"@id\":\"https:\/\/bazarinformativo.com\/index.php\/2024\/03\/05\/fellito-subervi-estamos-cambiando-canadas-de-terror-por-espacios-de-vida\/#breadcrumb\",\"itemListElement\":[{\"@type\":\"ListItem\",\"position\":1,\"name\":\"Portada\",\"item\":\"https:\/\/bazarinformativo.com\/\"},{\"@type\":\"ListItem\",\"position\":2,\"name\":\"Fellito Suberv\u00ed: \u201cEstamos cambiando ca\u00f1adas de terror por espacios de vida\u201d\"}]},{\"@type\":\"WebSite\",\"@id\":\"https:\/\/bazarinformativo.com\/#website\",\"url\":\"https:\/\/bazarinformativo.com\/\",\"name\":\"Bazar Informativo\",\"description\":\"Noticias en todo momento\",\"potentialAction\":[{\"@type\":\"SearchAction\",\"target\":{\"@type\":\"EntryPoint\",\"urlTemplate\":\"https:\/\/bazarinformativo.com\/?s={search_term_string}\"},\"query-input\":\"required name=search_term_string\"}],\"inLanguage\":\"es\"},{\"@type\":\"Person\",\"@id\":\"https:\/\/bazarinformativo.com\/#\/schema\/person\/9e8b2db2f7f278df35410d4d9b7e9139\",\"name\":\"Redaccion Bazar\",\"image\":{\"@type\":\"ImageObject\",\"inLanguage\":\"es\",\"@id\":\"https:\/\/bazarinformativo.com\/#\/schema\/person\/image\/\",\"url\":\"https:\/\/secure.gravatar.com\/avatar\/1f903fb8e2d1f095d62198c56af9a6495dbdb591b85a3619b4a5c4090d8fa045?s=96&d=mm&r=g\",\"contentUrl\":\"https:\/\/secure.gravatar.com\/avatar\/1f903fb8e2d1f095d62198c56af9a6495dbdb591b85a3619b4a5c4090d8fa045?s=96&d=mm&r=g\",\"caption\":\"Redaccion Bazar\"},\"sameAs\":[\"http:\/\/www.bazarinformativo.com\"],\"url\":\"https:\/\/bazarinformativo.com\/index.php\/author\/redaccion\/\"}]}<\/script>\n<!-- \/ Yoast SEO plugin. -->","yoast_head_json":{"title":"Fellito Suberv\u00ed: \u201cEstamos cambiando ca\u00f1adas de terror por espacios de vida\u201d - Bazar Informativo Nacionales","robots":{"index":"index","follow":"follow","max-snippet":"max-snippet:-1","max-image-preview":"max-image-preview:large","max-video-preview":"max-video-preview:-1"},"canonical":"https:\/\/bazarinformativo.com\/index.php\/2024\/03\/05\/fellito-subervi-estamos-cambiando-canadas-de-terror-por-espacios-de-vida\/","og_locale":"es_ES","og_type":"article","og_title":"Fellito Suberv\u00ed: \u201cEstamos cambiando ca\u00f1adas de terror por espacios de vida\u201d - Bazar Informativo Nacionales","og_description":"El director general de la Corporaci\u00f3n del Acueducto y Alcantarillado de Santo Domingo (CAASD), ingeniero Felipe Suberv\u00ed, Fellito, destac\u00f3 que el programa de saneamiento de ca\u00f1adas contaminadas ha salvado y cambiado la vida a miles de personas del Distrito Nacional y la provincia Santo Domingo. \u201cNo es lo mismo tener la ca\u00f1ada al lado suyo, [&hellip;]","og_url":"https:\/\/bazarinformativo.com\/index.php\/2024\/03\/05\/fellito-subervi-estamos-cambiando-canadas-de-terror-por-espacios-de-vida\/","og_site_name":"Bazar Informativo","article_published_time":"2024-03-05T18:15:01+00:00","article_modified_time":"2024-03-05T18:15:02+00:00","og_image":[{"width":2560,"height":1709,"url":"https:\/\/bazarinformativo.com\/wp-content\/uploads\/2024\/03\/CAS_9929-scaled.jpg","type":"image\/jpeg"}],"author":"Redaccion Bazar","twitter_card":"summary_large_image","twitter_misc":{"Escrito por":"Redaccion Bazar","Tiempo de lectura":"3 minutos"},"schema":{"@context":"https:\/\/schema.org","@graph":[{"@type":"WebPage","@id":"https:\/\/bazarinformativo.com\/index.php\/2024\/03\/05\/fellito-subervi-estamos-cambiando-canadas-de-terror-por-espacios-de-vida\/","url":"https:\/\/bazarinformativo.com\/index.php\/2024\/03\/05\/fellito-subervi-estamos-cambiando-canadas-de-terror-por-espacios-de-vida\/","name":"Fellito Suberv\u00ed: \u201cEstamos cambiando ca\u00f1adas de terror por espacios de vida\u201d - Bazar Informativo Nacionales","isPartOf":{"@id":"https:\/\/bazarinformativo.com\/#website"},"primaryImageOfPage":{"@id":"https:\/\/bazarinformativo.com\/index.php\/2024\/03\/05\/fellito-subervi-estamos-cambiando-canadas-de-terror-por-espacios-de-vida\/#primaryimage"},"image":{"@id":"https:\/\/bazarinformativo.com\/index.php\/2024\/03\/05\/fellito-subervi-estamos-cambiando-canadas-de-terror-por-espacios-de-vida\/#primaryimage"},"thumbnailUrl":"https:\/\/bazarinformativo.com\/wp-content\/uploads\/2024\/03\/CAS_9929-scaled.jpg","datePublished":"2024-03-05T18:15:01+00:00","dateModified":"2024-03-05T18:15:02+00:00","author":{"@id":"https:\/\/bazarinformativo.com\/#\/schema\/person\/9e8b2db2f7f278df35410d4d9b7e9139"},"breadcrumb":{"@id":"https:\/\/bazarinformativo.com\/index.php\/2024\/03\/05\/fellito-subervi-estamos-cambiando-canadas-de-terror-por-espacios-de-vida\/#breadcrumb"},"inLanguage":"es","potentialAction":[{"@type":"ReadAction","target":["https:\/\/bazarinformativo.com\/index.php\/2024\/03\/05\/fellito-subervi-estamos-cambiando-canadas-de-terror-por-espacios-de-vida\/"]}]},{"@type":"ImageObject","inLanguage":"es","@id":"https:\/\/bazarinformativo.com\/index.php\/2024\/03\/05\/fellito-subervi-estamos-cambiando-canadas-de-terror-por-espacios-de-vida\/#primaryimage","url":"https:\/\/bazarinformativo.com\/wp-content\/uploads\/2024\/03\/CAS_9929-scaled.jpg","contentUrl":"https:\/\/bazarinformativo.com\/wp-content\/uploads\/2024\/03\/CAS_9929-scaled.jpg","width":2560,"height":1709,"caption":"Fellito Subervi: \"Estamos cambiando ca\u00f1adas de terror por espacios de vida\u201d FUENTE EXTERNA"},{"@type":"BreadcrumbList","@id":"https:\/\/bazarinformativo.com\/index.php\/2024\/03\/05\/fellito-subervi-estamos-cambiando-canadas-de-terror-por-espacios-de-vida\/#breadcrumb","itemListElement":[{"@type":"ListItem","position":1,"name":"Portada","item":"https:\/\/bazarinformativo.com\/"},{"@type":"ListItem","position":2,"name":"Fellito Suberv\u00ed: \u201cEstamos cambiando ca\u00f1adas de terror por espacios de vida\u201d"}]},{"@type":"WebSite","@id":"https:\/\/bazarinformativo.com\/#website","url":"https:\/\/bazarinformativo.com\/","name":"Bazar Informativo","description":"Noticias en todo momento","potentialAction":[{"@type":"SearchAction","target":{"@type":"EntryPoint","urlTemplate":"https:\/\/bazarinformativo.com\/?s={search_term_string}"},"query-input":"required name=search_term_string"}],"inLanguage":"es"},{"@type":"Person","@id":"https:\/\/bazarinformativo.com\/#\/schema\/person\/9e8b2db2f7f278df35410d4d9b7e9139","name":"Redaccion Bazar","image":{"@type":"ImageObject","inLanguage":"es","@id":"https:\/\/bazarinformativo.com\/#\/schema\/person\/image\/","url":"https:\/\/secure.gravatar.com\/avatar\/1f903fb8e2d1f095d62198c56af9a6495dbdb591b85a3619b4a5c4090d8fa045?s=96&d=mm&r=g","contentUrl":"https:\/\/secure.gravatar.com\/avatar\/1f903fb8e2d1f095d62198c56af9a6495dbdb591b85a3619b4a5c4090d8fa045?s=96&d=mm&r=g","caption":"Redaccion Bazar"},"sameAs":["http:\/\/www.bazarinformativo.com"],"url":"https:\/\/bazarinformativo.com\/index.php\/author\/redaccion\/"}]}},"jetpack_featured_media_url":"https:\/\/bazarinformativo.com\/wp-content\/uploads\/2024\/03\/CAS_9929-scaled.jpg","jetpack_sharing_enabled":true,"_links":{"self":[{"href":"https:\/\/bazarinformativo.com\/index.php\/wp-json\/wp\/v2\/posts\/109","targetHints":{"allow":["GET"]}}],"collection":[{"href":"https:\/\/bazarinformativo.com\/index.php\/wp-json\/wp\/v2\/posts"}],"about":[{"href":"https:\/\/bazarinformativo.com\/index.php\/wp-json\/wp\/v2\/types\/post"}],"author":[{"embeddable":true,"href":"https:\/\/bazarinformativo.com\/index.php\/wp-json\/wp\/v2\/users\/2"}],"replies":[{"embeddable":true,"href":"https:\/\/bazarinformativo.com\/index.php\/wp-json\/wp\/v2\/comments?post=109"}],"version-history":[{"count":1,"href":"https:\/\/bazarinformativo.com\/index.php\/wp-json\/wp\/v2\/posts\/109\/revisions"}],"predecessor-version":[{"id":112,"href":"https:\/\/bazarinformativo.com\/index.php\/wp-json\/wp\/v2\/posts\/109\/revisions\/112"}],"wp:featuredmedia":[{"embeddable":true,"href":"https:\/\/bazarinformativo.com\/index.php\/wp-json\/wp\/v2\/media\/111"}],"wp:attachment":[{"href":"https:\/\/bazarinformativo.com\/index.php\/wp-json\/wp\/v2\/media?parent=109"}],"wp:term":[{"taxonomy":"category","embeddable":true,"href":"https:\/\/bazarinformativo.com\/index.php\/wp-json\/wp\/v2\/categories?post=109"},{"taxonomy":"post_tag","embeddable":true,"href":"https:\/\/bazarinformativo.com\/index.php\/wp-json\/wp\/v2\/tags?post=109"}],"curies":[{"name":"wp","href":"https:\/\/api.w.org\/{rel}","templated":true}]}}