{"id":130,"date":"2024-03-26T00:02:45","date_gmt":"2024-03-26T00:02:45","guid":{"rendered":"https:\/\/bazarinformativo.com\/?p=130"},"modified":"2024-03-26T00:02:46","modified_gmt":"2024-03-26T00:02:46","slug":"museo-memorial-proyectara-documental-sobre-las-luchas-de-las-mujeres-en-al","status":"publish","type":"post","link":"https:\/\/bazarinformativo.com\/index.php\/2024\/03\/26\/museo-memorial-proyectara-documental-sobre-las-luchas-de-las-mujeres-en-al\/","title":{"rendered":"Museo Memorial proyectar\u00e1 documental sobre las luchas de las mujeres en AL"},"content":{"rendered":"\n<p>El Museo Memorial de la Resistencia Dominicana (MMRD y la embajada de Colombia en el pa\u00eds proyectar\u00e1n el documental \u201cCuando las Aguas se Juntan\u201d, una producci\u00f3n colombiana que aborda las luchas de las mujeres en Am\u00e9rica Latina y que es presentada por la organizaci\u00f3n \u201cColombia Potencia de la Vida\u201d.<\/p>\n\n\n\n<p>El evento contar\u00e1 con la presencia del embajador de Colombia en Rep\u00fablica Dominicana, Dar\u00edo Villamizar Herrera, y miembros del cuerpo diplom\u00e1tico acreditado en el pa\u00eds.<\/p>\n\n\n\n<p>El documental se presentar\u00e1 totalmente gratis este jueves a las 7:00 de la noche en el auditorio Alma y Juan Vicini de la instituci\u00f3n. El documental, dirigido por la cineasta Margarita Mart\u00ednez, narra la historia de un grupo de mujeres que luchan contra la guerra, pero a\u00fan as\u00ed apuestan a la paz, y contra toda clase de obst\u00e1culo se enfrentan a las armas, ganando casos judiciales in\u00e9ditos por violencia sexual.<\/p>\n\n\n\n<p>La soci\u00f3loga Marina Ortiz ser\u00e1 la invitada especial que tendr\u00e1 bajo su responsabilidad el an\u00e1lisis del documental, donde los asistentes podr\u00e1n recibir respuesta a cualquier inquietud que tengan en un di\u00e1logo abierto sobre el tema.<\/p>\n\n\n\n<p>El Cinef\u00f3rum tiene como objetivo difundir contenido para educar en derechos, valores democr\u00e1ticos y memoria hist\u00f3rica.<\/p>\n\n\n\n<p>Durante todo marzo, el Cinef\u00f3rum conmemora el Mes de la Mujer, dedicando a proyecciones sobre ese g\u00e9nero.<\/p>\n","protected":false},"excerpt":{"rendered":"<p>El Museo Memorial de la Resistencia Dominicana (MMRD y la embajada de Colombia en el pa\u00eds proyectar\u00e1n el documental \u201cCuando las Aguas se Juntan\u201d, una producci\u00f3n colombiana que aborda las luchas de las mujeres en Am\u00e9rica Latina y que es presentada por la organizaci\u00f3n \u201cColombia Potencia de la Vida\u201d. El evento contar\u00e1 con la presencia [&hellip;]<\/p>\n","protected":false},"author":2,"featured_media":131,"comment_status":"open","ping_status":"closed","sticky":false,"template":"","format":"standard","meta":{"_et_pb_use_builder":"off","_et_pb_old_content":"","_et_gb_content_width":"","_jetpack_memberships_contains_paid_content":false,"footnotes":""},"categories":[5],"tags":[],"class_list":["post-130","post","type-post","status-publish","format-standard","has-post-thumbnail","hentry","category-actualidad","et-has-post-format-content","et_post_format-et-post-format-standard"],"yoast_head":"<!-- This site is optimized with the Yoast SEO plugin v23.0 - https:\/\/yoast.com\/wordpress\/plugins\/seo\/ -->\n<title>Museo Memorial proyectar\u00e1 documental sobre las luchas de las mujeres en AL - Bazar Informativo Actualidad<\/title>\n<meta name=\"robots\" content=\"index, follow, max-snippet:-1, max-image-preview:large, max-video-preview:-1\" \/>\n<link rel=\"canonical\" href=\"https:\/\/bazarinformativo.com\/index.php\/2024\/03\/26\/museo-memorial-proyectara-documental-sobre-las-luchas-de-las-mujeres-en-al\/\" \/>\n<meta property=\"og:locale\" content=\"es_ES\" \/>\n<meta property=\"og:type\" content=\"article\" \/>\n<meta property=\"og:title\" content=\"Museo Memorial proyectar\u00e1 documental sobre las luchas de las mujeres en AL - Bazar Informativo Actualidad\" \/>\n<meta property=\"og:description\" content=\"El Museo Memorial de la Resistencia Dominicana (MMRD y la embajada de Colombia en el pa\u00eds proyectar\u00e1n el documental \u201cCuando las Aguas se Juntan\u201d, una producci\u00f3n colombiana que aborda las luchas de las mujeres en Am\u00e9rica Latina y que es presentada por la organizaci\u00f3n \u201cColombia Potencia de la Vida\u201d. El evento contar\u00e1 con la presencia [&hellip;]\" \/>\n<meta property=\"og:url\" content=\"https:\/\/bazarinformativo.com\/index.php\/2024\/03\/26\/museo-memorial-proyectara-documental-sobre-las-luchas-de-las-mujeres-en-al\/\" \/>\n<meta property=\"og:site_name\" content=\"Bazar Informativo\" \/>\n<meta property=\"article:published_time\" content=\"2024-03-26T00:02:45+00:00\" \/>\n<meta property=\"article:modified_time\" content=\"2024-03-26T00:02:46+00:00\" \/>\n<meta property=\"og:image\" content=\"https:\/\/bazarinformativo.com\/wp-content\/uploads\/2024\/03\/Cineforum.jpeg\" \/>\n\t<meta property=\"og:image:width\" content=\"1600\" \/>\n\t<meta property=\"og:image:height\" content=\"1600\" \/>\n\t<meta property=\"og:image:type\" content=\"image\/jpeg\" \/>\n<meta name=\"author\" content=\"Redaccion Bazar\" \/>\n<meta name=\"twitter:card\" content=\"summary_large_image\" \/>\n<meta name=\"twitter:label1\" content=\"Escrito por\" \/>\n\t<meta name=\"twitter:data1\" content=\"Redaccion Bazar\" \/>\n\t<meta name=\"twitter:label2\" content=\"Tiempo de lectura\" \/>\n\t<meta name=\"twitter:data2\" content=\"2 minutos\" \/>\n<script type=\"application\/ld+json\" class=\"yoast-schema-graph\">{\"@context\":\"https:\/\/schema.org\",\"@graph\":[{\"@type\":\"WebPage\",\"@id\":\"https:\/\/bazarinformativo.com\/index.php\/2024\/03\/26\/museo-memorial-proyectara-documental-sobre-las-luchas-de-las-mujeres-en-al\/\",\"url\":\"https:\/\/bazarinformativo.com\/index.php\/2024\/03\/26\/museo-memorial-proyectara-documental-sobre-las-luchas-de-las-mujeres-en-al\/\",\"name\":\"Museo Memorial proyectar\u00e1 documental sobre las luchas de las mujeres en AL - Bazar Informativo Actualidad\",\"isPartOf\":{\"@id\":\"https:\/\/bazarinformativo.com\/#website\"},\"primaryImageOfPage\":{\"@id\":\"https:\/\/bazarinformativo.com\/index.php\/2024\/03\/26\/museo-memorial-proyectara-documental-sobre-las-luchas-de-las-mujeres-en-al\/#primaryimage\"},\"image\":{\"@id\":\"https:\/\/bazarinformativo.com\/index.php\/2024\/03\/26\/museo-memorial-proyectara-documental-sobre-las-luchas-de-las-mujeres-en-al\/#primaryimage\"},\"thumbnailUrl\":\"https:\/\/bazarinformativo.com\/wp-content\/uploads\/2024\/03\/Cineforum.jpeg\",\"datePublished\":\"2024-03-26T00:02:45+00:00\",\"dateModified\":\"2024-03-26T00:02:46+00:00\",\"author\":{\"@id\":\"https:\/\/bazarinformativo.com\/#\/schema\/person\/9e8b2db2f7f278df35410d4d9b7e9139\"},\"breadcrumb\":{\"@id\":\"https:\/\/bazarinformativo.com\/index.php\/2024\/03\/26\/museo-memorial-proyectara-documental-sobre-las-luchas-de-las-mujeres-en-al\/#breadcrumb\"},\"inLanguage\":\"es\",\"potentialAction\":[{\"@type\":\"ReadAction\",\"target\":[\"https:\/\/bazarinformativo.com\/index.php\/2024\/03\/26\/museo-memorial-proyectara-documental-sobre-las-luchas-de-las-mujeres-en-al\/\"]}]},{\"@type\":\"ImageObject\",\"inLanguage\":\"es\",\"@id\":\"https:\/\/bazarinformativo.com\/index.php\/2024\/03\/26\/museo-memorial-proyectara-documental-sobre-las-luchas-de-las-mujeres-en-al\/#primaryimage\",\"url\":\"https:\/\/bazarinformativo.com\/wp-content\/uploads\/2024\/03\/Cineforum.jpeg\",\"contentUrl\":\"https:\/\/bazarinformativo.com\/wp-content\/uploads\/2024\/03\/Cineforum.jpeg\",\"width\":1600,\"height\":1600,\"caption\":\"Museo Memorial proyectar\u00e1 documental sobre las luchas de las mujeres en AL\"},{\"@type\":\"BreadcrumbList\",\"@id\":\"https:\/\/bazarinformativo.com\/index.php\/2024\/03\/26\/museo-memorial-proyectara-documental-sobre-las-luchas-de-las-mujeres-en-al\/#breadcrumb\",\"itemListElement\":[{\"@type\":\"ListItem\",\"position\":1,\"name\":\"Portada\",\"item\":\"https:\/\/bazarinformativo.com\/\"},{\"@type\":\"ListItem\",\"position\":2,\"name\":\"Museo Memorial proyectar\u00e1 documental sobre las luchas de las mujeres en AL\"}]},{\"@type\":\"WebSite\",\"@id\":\"https:\/\/bazarinformativo.com\/#website\",\"url\":\"https:\/\/bazarinformativo.com\/\",\"name\":\"Bazar Informativo\",\"description\":\"Noticias en todo momento\",\"potentialAction\":[{\"@type\":\"SearchAction\",\"target\":{\"@type\":\"EntryPoint\",\"urlTemplate\":\"https:\/\/bazarinformativo.com\/?s={search_term_string}\"},\"query-input\":\"required name=search_term_string\"}],\"inLanguage\":\"es\"},{\"@type\":\"Person\",\"@id\":\"https:\/\/bazarinformativo.com\/#\/schema\/person\/9e8b2db2f7f278df35410d4d9b7e9139\",\"name\":\"Redaccion Bazar\",\"image\":{\"@type\":\"ImageObject\",\"inLanguage\":\"es\",\"@id\":\"https:\/\/bazarinformativo.com\/#\/schema\/person\/image\/\",\"url\":\"https:\/\/secure.gravatar.com\/avatar\/1f903fb8e2d1f095d62198c56af9a6495dbdb591b85a3619b4a5c4090d8fa045?s=96&d=mm&r=g\",\"contentUrl\":\"https:\/\/secure.gravatar.com\/avatar\/1f903fb8e2d1f095d62198c56af9a6495dbdb591b85a3619b4a5c4090d8fa045?s=96&d=mm&r=g\",\"caption\":\"Redaccion Bazar\"},\"sameAs\":[\"http:\/\/www.bazarinformativo.com\"],\"url\":\"https:\/\/bazarinformativo.com\/index.php\/author\/redaccion\/\"}]}<\/script>\n<!-- \/ Yoast SEO plugin. -->","yoast_head_json":{"title":"Museo Memorial proyectar\u00e1 documental sobre las luchas de las mujeres en AL - Bazar Informativo Actualidad","robots":{"index":"index","follow":"follow","max-snippet":"max-snippet:-1","max-image-preview":"max-image-preview:large","max-video-preview":"max-video-preview:-1"},"canonical":"https:\/\/bazarinformativo.com\/index.php\/2024\/03\/26\/museo-memorial-proyectara-documental-sobre-las-luchas-de-las-mujeres-en-al\/","og_locale":"es_ES","og_type":"article","og_title":"Museo Memorial proyectar\u00e1 documental sobre las luchas de las mujeres en AL - Bazar Informativo Actualidad","og_description":"El Museo Memorial de la Resistencia Dominicana (MMRD y la embajada de Colombia en el pa\u00eds proyectar\u00e1n el documental \u201cCuando las Aguas se Juntan\u201d, una producci\u00f3n colombiana que aborda las luchas de las mujeres en Am\u00e9rica Latina y que es presentada por la organizaci\u00f3n \u201cColombia Potencia de la Vida\u201d. El evento contar\u00e1 con la presencia [&hellip;]","og_url":"https:\/\/bazarinformativo.com\/index.php\/2024\/03\/26\/museo-memorial-proyectara-documental-sobre-las-luchas-de-las-mujeres-en-al\/","og_site_name":"Bazar Informativo","article_published_time":"2024-03-26T00:02:45+00:00","article_modified_time":"2024-03-26T00:02:46+00:00","og_image":[{"width":1600,"height":1600,"url":"https:\/\/bazarinformativo.com\/wp-content\/uploads\/2024\/03\/Cineforum.jpeg","type":"image\/jpeg"}],"author":"Redaccion Bazar","twitter_card":"summary_large_image","twitter_misc":{"Escrito por":"Redaccion Bazar","Tiempo de lectura":"2 minutos"},"schema":{"@context":"https:\/\/schema.org","@graph":[{"@type":"WebPage","@id":"https:\/\/bazarinformativo.com\/index.php\/2024\/03\/26\/museo-memorial-proyectara-documental-sobre-las-luchas-de-las-mujeres-en-al\/","url":"https:\/\/bazarinformativo.com\/index.php\/2024\/03\/26\/museo-memorial-proyectara-documental-sobre-las-luchas-de-las-mujeres-en-al\/","name":"Museo Memorial proyectar\u00e1 documental sobre las luchas de las mujeres en AL - Bazar Informativo Actualidad","isPartOf":{"@id":"https:\/\/bazarinformativo.com\/#website"},"primaryImageOfPage":{"@id":"https:\/\/bazarinformativo.com\/index.php\/2024\/03\/26\/museo-memorial-proyectara-documental-sobre-las-luchas-de-las-mujeres-en-al\/#primaryimage"},"image":{"@id":"https:\/\/bazarinformativo.com\/index.php\/2024\/03\/26\/museo-memorial-proyectara-documental-sobre-las-luchas-de-las-mujeres-en-al\/#primaryimage"},"thumbnailUrl":"https:\/\/bazarinformativo.com\/wp-content\/uploads\/2024\/03\/Cineforum.jpeg","datePublished":"2024-03-26T00:02:45+00:00","dateModified":"2024-03-26T00:02:46+00:00","author":{"@id":"https:\/\/bazarinformativo.com\/#\/schema\/person\/9e8b2db2f7f278df35410d4d9b7e9139"},"breadcrumb":{"@id":"https:\/\/bazarinformativo.com\/index.php\/2024\/03\/26\/museo-memorial-proyectara-documental-sobre-las-luchas-de-las-mujeres-en-al\/#breadcrumb"},"inLanguage":"es","potentialAction":[{"@type":"ReadAction","target":["https:\/\/bazarinformativo.com\/index.php\/2024\/03\/26\/museo-memorial-proyectara-documental-sobre-las-luchas-de-las-mujeres-en-al\/"]}]},{"@type":"ImageObject","inLanguage":"es","@id":"https:\/\/bazarinformativo.com\/index.php\/2024\/03\/26\/museo-memorial-proyectara-documental-sobre-las-luchas-de-las-mujeres-en-al\/#primaryimage","url":"https:\/\/bazarinformativo.com\/wp-content\/uploads\/2024\/03\/Cineforum.jpeg","contentUrl":"https:\/\/bazarinformativo.com\/wp-content\/uploads\/2024\/03\/Cineforum.jpeg","width":1600,"height":1600,"caption":"Museo Memorial proyectar\u00e1 documental sobre las luchas de las mujeres en AL"},{"@type":"BreadcrumbList","@id":"https:\/\/bazarinformativo.com\/index.php\/2024\/03\/26\/museo-memorial-proyectara-documental-sobre-las-luchas-de-las-mujeres-en-al\/#breadcrumb","itemListElement":[{"@type":"ListItem","position":1,"name":"Portada","item":"https:\/\/bazarinformativo.com\/"},{"@type":"ListItem","position":2,"name":"Museo Memorial proyectar\u00e1 documental sobre las luchas de las mujeres en AL"}]},{"@type":"WebSite","@id":"https:\/\/bazarinformativo.com\/#website","url":"https:\/\/bazarinformativo.com\/","name":"Bazar Informativo","description":"Noticias en todo momento","potentialAction":[{"@type":"SearchAction","target":{"@type":"EntryPoint","urlTemplate":"https:\/\/bazarinformativo.com\/?s={search_term_string}"},"query-input":"required name=search_term_string"}],"inLanguage":"es"},{"@type":"Person","@id":"https:\/\/bazarinformativo.com\/#\/schema\/person\/9e8b2db2f7f278df35410d4d9b7e9139","name":"Redaccion Bazar","image":{"@type":"ImageObject","inLanguage":"es","@id":"https:\/\/bazarinformativo.com\/#\/schema\/person\/image\/","url":"https:\/\/secure.gravatar.com\/avatar\/1f903fb8e2d1f095d62198c56af9a6495dbdb591b85a3619b4a5c4090d8fa045?s=96&d=mm&r=g","contentUrl":"https:\/\/secure.gravatar.com\/avatar\/1f903fb8e2d1f095d62198c56af9a6495dbdb591b85a3619b4a5c4090d8fa045?s=96&d=mm&r=g","caption":"Redaccion Bazar"},"sameAs":["http:\/\/www.bazarinformativo.com"],"url":"https:\/\/bazarinformativo.com\/index.php\/author\/redaccion\/"}]}},"jetpack_featured_media_url":"https:\/\/bazarinformativo.com\/wp-content\/uploads\/2024\/03\/Cineforum.jpeg","jetpack_sharing_enabled":true,"_links":{"self":[{"href":"https:\/\/bazarinformativo.com\/index.php\/wp-json\/wp\/v2\/posts\/130","targetHints":{"allow":["GET"]}}],"collection":[{"href":"https:\/\/bazarinformativo.com\/index.php\/wp-json\/wp\/v2\/posts"}],"about":[{"href":"https:\/\/bazarinformativo.com\/index.php\/wp-json\/wp\/v2\/types\/post"}],"author":[{"embeddable":true,"href":"https:\/\/bazarinformativo.com\/index.php\/wp-json\/wp\/v2\/users\/2"}],"replies":[{"embeddable":true,"href":"https:\/\/bazarinformativo.com\/index.php\/wp-json\/wp\/v2\/comments?post=130"}],"version-history":[{"count":1,"href":"https:\/\/bazarinformativo.com\/index.php\/wp-json\/wp\/v2\/posts\/130\/revisions"}],"predecessor-version":[{"id":132,"href":"https:\/\/bazarinformativo.com\/index.php\/wp-json\/wp\/v2\/posts\/130\/revisions\/132"}],"wp:featuredmedia":[{"embeddable":true,"href":"https:\/\/bazarinformativo.com\/index.php\/wp-json\/wp\/v2\/media\/131"}],"wp:attachment":[{"href":"https:\/\/bazarinformativo.com\/index.php\/wp-json\/wp\/v2\/media?parent=130"}],"wp:term":[{"taxonomy":"category","embeddable":true,"href":"https:\/\/bazarinformativo.com\/index.php\/wp-json\/wp\/v2\/categories?post=130"},{"taxonomy":"post_tag","embeddable":true,"href":"https:\/\/bazarinformativo.com\/index.php\/wp-json\/wp\/v2\/tags?post=130"}],"curies":[{"name":"wp","href":"https:\/\/api.w.org\/{rel}","templated":true}]}}