{"id":141,"date":"2024-03-26T01:23:52","date_gmt":"2024-03-26T01:23:52","guid":{"rendered":"https:\/\/bazarinformativo.com\/?p=141"},"modified":"2024-03-26T01:23:53","modified_gmt":"2024-03-26T01:23:53","slug":"danilo-leonel-abel-y-miguel-protagonizan-encuentro-de-alianza-rescate-rd","status":"publish","type":"post","link":"https:\/\/bazarinformativo.com\/index.php\/2024\/03\/26\/danilo-leonel-abel-y-miguel-protagonizan-encuentro-de-alianza-rescate-rd\/","title":{"rendered":"Danilo, Leonel, Abel y Miguel protagonizan encuentro de Alianza Rescate RD"},"content":{"rendered":"\n<p>Alianza Rescate-RD anuncia \u201cacci\u00f3n conjunta\u201d en territorio nacional con los tres candidatos presidenciales<\/p>\n\n\n\n<p>El candidato presidencial del Partido Revolucionario Dominicano (PRD), Miguel Vargas Maldonado, anunci\u00f3 este lunes que la Alianza Rescate-RD implementar\u00e1 una&nbsp;<strong>\u201cacci\u00f3n conjunta\u201d en el territorio nacional con los tres candidatos presidenciales de los partidos de la coalici\u00f3n.<\/strong><\/p>\n\n\n\n<p>Vargas Maldonado inform\u00f3 que, con esta acci\u00f3n, la alianza busca impulsar las candidaturas presidenciales de sus respectivos miembros, que lo incluye a \u00e9l, a\u00a0<strong>Leonel Fern\u00e1ndez\u00a0<\/strong>(de la Fuerza del Pueblo) y\u00a0<strong>Abel Mart\u00ednez<\/strong>\u00a0(del Partido de la Liberaci\u00f3n Dominicana).<\/p>\n\n\n\n<p>\u201cEn esta recta final hacia las elecciones presidenciales y congresuales del pr\u00f3ximo 19 de mayo, con el soporte y apoyo de los presidentes de nuestros partidos PLD, PRD Y FP y con la calidad de sus respectivos candidatos presidenciales, inspirados en los ideales de democracia, libertad y patriotismo de nuestros l\u00edderes hist\u00f3ricos, el profesor Juan Bosch y el doctor Jos\u00e9 Francisco Pe\u00f1a G\u00f3mez, a partir de hoy,\u00a0<strong>iniciamos una acci\u00f3n conjunta por todo el territorio nacional apoyando e impulsando a los candidatos de la Alianza Opositora Rescate RD\u201d<\/strong>, dijo.<\/p>\n\n\n\n<p>Asimismo, en su discurso, Vargas Maldonado ratific\u00f3 el compromiso de los integrantes de la coalici\u00f3n&nbsp;<strong>de apoyarse entre ellos en una eventual segunda ronda electoral.<\/strong><\/p>\n\n\n\n<p>De igual forma, convoc\u00f3 a los dominicanos a votar \u201cmasivamente\u201d en las elecciones pr\u00f3ximas, instando a la poblaci\u00f3n a votar por las propuestas de los candidatos de la alianza.<\/p>\n\n\n\n<p>\u201cEsta declaraci\u00f3n conjunta, con la vibrante y comprometida presencia aqu\u00ed del vigoroso liderazgo opositor, FP, PRD Y PLD, ratifica, con toda certeza, que&nbsp;<strong>los d\u00edas de este nefasto gobierno, est\u00e1n contados, porque de que se van, se van\u201d<\/strong>, exclam\u00f3.<\/p>\n\n\n\n<p>Los opositores acusaron al PRM y al gobierno de realizar una operaci\u00f3n espuria en las elecciones municipales, utilizando dinero del erario p\u00fablico \u201cy de otras fuentes\u201d.<\/p>\n\n\n\n<p>Tambi\u00e9n los acusaron de comprar a los candidatos de la oposici\u00f3n,&nbsp;<strong>tanto a los que salieron electos en los comicios de febrero como a otros que aspiran a cargos en los de mayo pr\u00f3ximo.<\/strong><\/p>\n\n\n\n<p>Otra de las quejas de los opositores es que el gobierno pretende asfixiarlos econ\u00f3micamente al no entregarles todo el dinero que le corresponde por tratarse de un a\u00f1o electoral.<\/p>\n\n\n\n<blockquote class=\"wp-block-quote is-layout-flow wp-block-quote-is-layout-flow\">\n<p><strong>\u201cEsta violaci\u00f3n a la ley no la permitiremos desde la alianza opositora\u201d<\/strong>, dijo Miguel Vargas en el acto.<\/p>\n<cite>Miguel Vargas <\/cite><\/blockquote>\n\n\n\n<p>Por igual criticaron la aprobaci\u00f3n de la ley 1-24, de la Direcci\u00f3n Nacional de Investigaciones, la que calificaron como la creadora de \u201cun servicio de inteligencia similar al de la \u00e9poca de Trujillo pero con las actuales tecnolog\u00edas\u201d.<\/p>\n\n\n\n<p>Entienden que esa sola intenci\u00f3n desvela los reales prop\u00f3sitos del presidente Luis Abinader de desarticular el sistema de partidos \u201cque tanto le ha costado al pa\u00eds\u201d.<\/p>\n\n\n\n<p>Calificaron como peligrosa la deriva autoritaria e intolerante a la que est\u00e1 llegando este gobierno.<\/p>\n\n\n\n<p>\u201cLa propuesta de cambio del actual presidente fracas\u00f3\u201d, dijo Vargas Maldonado.<\/p>\n\n\n\n<p>Vargas Maldonado, que fue el \u00fanico que habl\u00f3 en el acto, se\u00f1al\u00f3 que la oposici\u00f3n agrupada en Rescate RD requiere que el conjunto de demandas planteadas a la Junta Central Electoral sea acogido y puesta en pr\u00e1ctica para garantizar la integridad de las elecciones.<\/p>\n\n\n\n<p><\/p>\n","protected":false},"excerpt":{"rendered":"<p>Alianza Rescate-RD anuncia \u201cacci\u00f3n conjunta\u201d en territorio nacional con los tres candidatos presidenciales El candidato presidencial del Partido Revolucionario Dominicano (PRD), Miguel Vargas Maldonado, anunci\u00f3 este lunes que la Alianza Rescate-RD implementar\u00e1 una&nbsp;\u201cacci\u00f3n conjunta\u201d en el territorio nacional con los tres candidatos presidenciales de los partidos de la coalici\u00f3n. Vargas Maldonado inform\u00f3 que, con esta [&hellip;]<\/p>\n","protected":false},"author":2,"featured_media":144,"comment_status":"open","ping_status":"closed","sticky":false,"template":"","format":"standard","meta":{"_et_pb_use_builder":"off","_et_pb_old_content":"","_et_gb_content_width":"","_jetpack_memberships_contains_paid_content":false,"footnotes":""},"categories":[10],"tags":[],"class_list":["post-141","post","type-post","status-publish","format-standard","has-post-thumbnail","hentry","category-nacional","et-has-post-format-content","et_post_format-et-post-format-standard"],"yoast_head":"<!-- This site is optimized with the Yoast SEO plugin v23.0 - https:\/\/yoast.com\/wordpress\/plugins\/seo\/ -->\n<title>Danilo, Leonel, Abel y Miguel protagonizan encuentro de Alianza Rescate RD - Bazar Informativo Nacionales<\/title>\n<meta name=\"robots\" content=\"index, follow, max-snippet:-1, max-image-preview:large, max-video-preview:-1\" \/>\n<link rel=\"canonical\" href=\"https:\/\/bazarinformativo.com\/index.php\/2024\/03\/26\/danilo-leonel-abel-y-miguel-protagonizan-encuentro-de-alianza-rescate-rd\/\" \/>\n<meta property=\"og:locale\" content=\"es_ES\" \/>\n<meta property=\"og:type\" content=\"article\" \/>\n<meta property=\"og:title\" content=\"Danilo, Leonel, Abel y Miguel protagonizan encuentro de Alianza Rescate RD - Bazar Informativo Nacionales\" \/>\n<meta property=\"og:description\" content=\"Alianza Rescate-RD anuncia \u201cacci\u00f3n conjunta\u201d en territorio nacional con los tres candidatos presidenciales El candidato presidencial del Partido Revolucionario Dominicano (PRD), Miguel Vargas Maldonado, anunci\u00f3 este lunes que la Alianza Rescate-RD implementar\u00e1 una&nbsp;\u201cacci\u00f3n conjunta\u201d en el territorio nacional con los tres candidatos presidenciales de los partidos de la coalici\u00f3n. Vargas Maldonado inform\u00f3 que, con esta [&hellip;]\" \/>\n<meta property=\"og:url\" content=\"https:\/\/bazarinformativo.com\/index.php\/2024\/03\/26\/danilo-leonel-abel-y-miguel-protagonizan-encuentro-de-alianza-rescate-rd\/\" \/>\n<meta property=\"og:site_name\" content=\"Bazar Informativo\" \/>\n<meta property=\"article:published_time\" content=\"2024-03-26T01:23:52+00:00\" \/>\n<meta property=\"article:modified_time\" content=\"2024-03-26T01:23:53+00:00\" \/>\n<meta property=\"og:image\" content=\"https:\/\/bazarinformativo.com\/wp-content\/uploads\/2024\/03\/alianza-rd.webp\" \/>\n\t<meta property=\"og:image:width\" content=\"1600\" \/>\n\t<meta property=\"og:image:height\" content=\"1200\" \/>\n\t<meta property=\"og:image:type\" content=\"image\/webp\" \/>\n<meta name=\"author\" content=\"Redaccion Bazar\" \/>\n<meta name=\"twitter:card\" content=\"summary_large_image\" \/>\n<meta name=\"twitter:label1\" content=\"Escrito por\" \/>\n\t<meta name=\"twitter:data1\" content=\"Redaccion Bazar\" \/>\n\t<meta name=\"twitter:label2\" content=\"Tiempo de lectura\" \/>\n\t<meta name=\"twitter:data2\" content=\"3 minutos\" \/>\n<script type=\"application\/ld+json\" class=\"yoast-schema-graph\">{\"@context\":\"https:\/\/schema.org\",\"@graph\":[{\"@type\":\"WebPage\",\"@id\":\"https:\/\/bazarinformativo.com\/index.php\/2024\/03\/26\/danilo-leonel-abel-y-miguel-protagonizan-encuentro-de-alianza-rescate-rd\/\",\"url\":\"https:\/\/bazarinformativo.com\/index.php\/2024\/03\/26\/danilo-leonel-abel-y-miguel-protagonizan-encuentro-de-alianza-rescate-rd\/\",\"name\":\"Danilo, Leonel, Abel y Miguel protagonizan encuentro de Alianza Rescate RD - Bazar Informativo Nacionales\",\"isPartOf\":{\"@id\":\"https:\/\/bazarinformativo.com\/#website\"},\"primaryImageOfPage\":{\"@id\":\"https:\/\/bazarinformativo.com\/index.php\/2024\/03\/26\/danilo-leonel-abel-y-miguel-protagonizan-encuentro-de-alianza-rescate-rd\/#primaryimage\"},\"image\":{\"@id\":\"https:\/\/bazarinformativo.com\/index.php\/2024\/03\/26\/danilo-leonel-abel-y-miguel-protagonizan-encuentro-de-alianza-rescate-rd\/#primaryimage\"},\"thumbnailUrl\":\"https:\/\/bazarinformativo.com\/wp-content\/uploads\/2024\/03\/alianza-rd.webp\",\"datePublished\":\"2024-03-26T01:23:52+00:00\",\"dateModified\":\"2024-03-26T01:23:53+00:00\",\"author\":{\"@id\":\"https:\/\/bazarinformativo.com\/#\/schema\/person\/9e8b2db2f7f278df35410d4d9b7e9139\"},\"breadcrumb\":{\"@id\":\"https:\/\/bazarinformativo.com\/index.php\/2024\/03\/26\/danilo-leonel-abel-y-miguel-protagonizan-encuentro-de-alianza-rescate-rd\/#breadcrumb\"},\"inLanguage\":\"es\",\"potentialAction\":[{\"@type\":\"ReadAction\",\"target\":[\"https:\/\/bazarinformativo.com\/index.php\/2024\/03\/26\/danilo-leonel-abel-y-miguel-protagonizan-encuentro-de-alianza-rescate-rd\/\"]}]},{\"@type\":\"ImageObject\",\"inLanguage\":\"es\",\"@id\":\"https:\/\/bazarinformativo.com\/index.php\/2024\/03\/26\/danilo-leonel-abel-y-miguel-protagonizan-encuentro-de-alianza-rescate-rd\/#primaryimage\",\"url\":\"https:\/\/bazarinformativo.com\/wp-content\/uploads\/2024\/03\/alianza-rd.webp\",\"contentUrl\":\"https:\/\/bazarinformativo.com\/wp-content\/uploads\/2024\/03\/alianza-rd.webp\",\"width\":1600,\"height\":1200,\"caption\":\"Alianza RD\"},{\"@type\":\"BreadcrumbList\",\"@id\":\"https:\/\/bazarinformativo.com\/index.php\/2024\/03\/26\/danilo-leonel-abel-y-miguel-protagonizan-encuentro-de-alianza-rescate-rd\/#breadcrumb\",\"itemListElement\":[{\"@type\":\"ListItem\",\"position\":1,\"name\":\"Portada\",\"item\":\"https:\/\/bazarinformativo.com\/\"},{\"@type\":\"ListItem\",\"position\":2,\"name\":\"Danilo, Leonel, Abel y Miguel protagonizan encuentro de Alianza Rescate RD\"}]},{\"@type\":\"WebSite\",\"@id\":\"https:\/\/bazarinformativo.com\/#website\",\"url\":\"https:\/\/bazarinformativo.com\/\",\"name\":\"Bazar Informativo\",\"description\":\"Noticias en todo momento\",\"potentialAction\":[{\"@type\":\"SearchAction\",\"target\":{\"@type\":\"EntryPoint\",\"urlTemplate\":\"https:\/\/bazarinformativo.com\/?s={search_term_string}\"},\"query-input\":\"required name=search_term_string\"}],\"inLanguage\":\"es\"},{\"@type\":\"Person\",\"@id\":\"https:\/\/bazarinformativo.com\/#\/schema\/person\/9e8b2db2f7f278df35410d4d9b7e9139\",\"name\":\"Redaccion Bazar\",\"image\":{\"@type\":\"ImageObject\",\"inLanguage\":\"es\",\"@id\":\"https:\/\/bazarinformativo.com\/#\/schema\/person\/image\/\",\"url\":\"https:\/\/secure.gravatar.com\/avatar\/1f903fb8e2d1f095d62198c56af9a6495dbdb591b85a3619b4a5c4090d8fa045?s=96&d=mm&r=g\",\"contentUrl\":\"https:\/\/secure.gravatar.com\/avatar\/1f903fb8e2d1f095d62198c56af9a6495dbdb591b85a3619b4a5c4090d8fa045?s=96&d=mm&r=g\",\"caption\":\"Redaccion Bazar\"},\"sameAs\":[\"http:\/\/www.bazarinformativo.com\"],\"url\":\"https:\/\/bazarinformativo.com\/index.php\/author\/redaccion\/\"}]}<\/script>\n<!-- \/ Yoast SEO plugin. -->","yoast_head_json":{"title":"Danilo, Leonel, Abel y Miguel protagonizan encuentro de Alianza Rescate RD - Bazar Informativo Nacionales","robots":{"index":"index","follow":"follow","max-snippet":"max-snippet:-1","max-image-preview":"max-image-preview:large","max-video-preview":"max-video-preview:-1"},"canonical":"https:\/\/bazarinformativo.com\/index.php\/2024\/03\/26\/danilo-leonel-abel-y-miguel-protagonizan-encuentro-de-alianza-rescate-rd\/","og_locale":"es_ES","og_type":"article","og_title":"Danilo, Leonel, Abel y Miguel protagonizan encuentro de Alianza Rescate RD - Bazar Informativo Nacionales","og_description":"Alianza Rescate-RD anuncia \u201cacci\u00f3n conjunta\u201d en territorio nacional con los tres candidatos presidenciales El candidato presidencial del Partido Revolucionario Dominicano (PRD), Miguel Vargas Maldonado, anunci\u00f3 este lunes que la Alianza Rescate-RD implementar\u00e1 una&nbsp;\u201cacci\u00f3n conjunta\u201d en el territorio nacional con los tres candidatos presidenciales de los partidos de la coalici\u00f3n. Vargas Maldonado inform\u00f3 que, con esta [&hellip;]","og_url":"https:\/\/bazarinformativo.com\/index.php\/2024\/03\/26\/danilo-leonel-abel-y-miguel-protagonizan-encuentro-de-alianza-rescate-rd\/","og_site_name":"Bazar Informativo","article_published_time":"2024-03-26T01:23:52+00:00","article_modified_time":"2024-03-26T01:23:53+00:00","og_image":[{"width":1600,"height":1200,"url":"https:\/\/bazarinformativo.com\/wp-content\/uploads\/2024\/03\/alianza-rd.webp","type":"image\/webp"}],"author":"Redaccion Bazar","twitter_card":"summary_large_image","twitter_misc":{"Escrito por":"Redaccion Bazar","Tiempo de lectura":"3 minutos"},"schema":{"@context":"https:\/\/schema.org","@graph":[{"@type":"WebPage","@id":"https:\/\/bazarinformativo.com\/index.php\/2024\/03\/26\/danilo-leonel-abel-y-miguel-protagonizan-encuentro-de-alianza-rescate-rd\/","url":"https:\/\/bazarinformativo.com\/index.php\/2024\/03\/26\/danilo-leonel-abel-y-miguel-protagonizan-encuentro-de-alianza-rescate-rd\/","name":"Danilo, Leonel, Abel y Miguel protagonizan encuentro de Alianza Rescate RD - Bazar Informativo Nacionales","isPartOf":{"@id":"https:\/\/bazarinformativo.com\/#website"},"primaryImageOfPage":{"@id":"https:\/\/bazarinformativo.com\/index.php\/2024\/03\/26\/danilo-leonel-abel-y-miguel-protagonizan-encuentro-de-alianza-rescate-rd\/#primaryimage"},"image":{"@id":"https:\/\/bazarinformativo.com\/index.php\/2024\/03\/26\/danilo-leonel-abel-y-miguel-protagonizan-encuentro-de-alianza-rescate-rd\/#primaryimage"},"thumbnailUrl":"https:\/\/bazarinformativo.com\/wp-content\/uploads\/2024\/03\/alianza-rd.webp","datePublished":"2024-03-26T01:23:52+00:00","dateModified":"2024-03-26T01:23:53+00:00","author":{"@id":"https:\/\/bazarinformativo.com\/#\/schema\/person\/9e8b2db2f7f278df35410d4d9b7e9139"},"breadcrumb":{"@id":"https:\/\/bazarinformativo.com\/index.php\/2024\/03\/26\/danilo-leonel-abel-y-miguel-protagonizan-encuentro-de-alianza-rescate-rd\/#breadcrumb"},"inLanguage":"es","potentialAction":[{"@type":"ReadAction","target":["https:\/\/bazarinformativo.com\/index.php\/2024\/03\/26\/danilo-leonel-abel-y-miguel-protagonizan-encuentro-de-alianza-rescate-rd\/"]}]},{"@type":"ImageObject","inLanguage":"es","@id":"https:\/\/bazarinformativo.com\/index.php\/2024\/03\/26\/danilo-leonel-abel-y-miguel-protagonizan-encuentro-de-alianza-rescate-rd\/#primaryimage","url":"https:\/\/bazarinformativo.com\/wp-content\/uploads\/2024\/03\/alianza-rd.webp","contentUrl":"https:\/\/bazarinformativo.com\/wp-content\/uploads\/2024\/03\/alianza-rd.webp","width":1600,"height":1200,"caption":"Alianza RD"},{"@type":"BreadcrumbList","@id":"https:\/\/bazarinformativo.com\/index.php\/2024\/03\/26\/danilo-leonel-abel-y-miguel-protagonizan-encuentro-de-alianza-rescate-rd\/#breadcrumb","itemListElement":[{"@type":"ListItem","position":1,"name":"Portada","item":"https:\/\/bazarinformativo.com\/"},{"@type":"ListItem","position":2,"name":"Danilo, Leonel, Abel y Miguel protagonizan encuentro de Alianza Rescate RD"}]},{"@type":"WebSite","@id":"https:\/\/bazarinformativo.com\/#website","url":"https:\/\/bazarinformativo.com\/","name":"Bazar Informativo","description":"Noticias en todo momento","potentialAction":[{"@type":"SearchAction","target":{"@type":"EntryPoint","urlTemplate":"https:\/\/bazarinformativo.com\/?s={search_term_string}"},"query-input":"required name=search_term_string"}],"inLanguage":"es"},{"@type":"Person","@id":"https:\/\/bazarinformativo.com\/#\/schema\/person\/9e8b2db2f7f278df35410d4d9b7e9139","name":"Redaccion Bazar","image":{"@type":"ImageObject","inLanguage":"es","@id":"https:\/\/bazarinformativo.com\/#\/schema\/person\/image\/","url":"https:\/\/secure.gravatar.com\/avatar\/1f903fb8e2d1f095d62198c56af9a6495dbdb591b85a3619b4a5c4090d8fa045?s=96&d=mm&r=g","contentUrl":"https:\/\/secure.gravatar.com\/avatar\/1f903fb8e2d1f095d62198c56af9a6495dbdb591b85a3619b4a5c4090d8fa045?s=96&d=mm&r=g","caption":"Redaccion Bazar"},"sameAs":["http:\/\/www.bazarinformativo.com"],"url":"https:\/\/bazarinformativo.com\/index.php\/author\/redaccion\/"}]}},"jetpack_featured_media_url":"https:\/\/bazarinformativo.com\/wp-content\/uploads\/2024\/03\/alianza-rd.webp","jetpack_sharing_enabled":true,"_links":{"self":[{"href":"https:\/\/bazarinformativo.com\/index.php\/wp-json\/wp\/v2\/posts\/141","targetHints":{"allow":["GET"]}}],"collection":[{"href":"https:\/\/bazarinformativo.com\/index.php\/wp-json\/wp\/v2\/posts"}],"about":[{"href":"https:\/\/bazarinformativo.com\/index.php\/wp-json\/wp\/v2\/types\/post"}],"author":[{"embeddable":true,"href":"https:\/\/bazarinformativo.com\/index.php\/wp-json\/wp\/v2\/users\/2"}],"replies":[{"embeddable":true,"href":"https:\/\/bazarinformativo.com\/index.php\/wp-json\/wp\/v2\/comments?post=141"}],"version-history":[{"count":1,"href":"https:\/\/bazarinformativo.com\/index.php\/wp-json\/wp\/v2\/posts\/141\/revisions"}],"predecessor-version":[{"id":145,"href":"https:\/\/bazarinformativo.com\/index.php\/wp-json\/wp\/v2\/posts\/141\/revisions\/145"}],"wp:featuredmedia":[{"embeddable":true,"href":"https:\/\/bazarinformativo.com\/index.php\/wp-json\/wp\/v2\/media\/144"}],"wp:attachment":[{"href":"https:\/\/bazarinformativo.com\/index.php\/wp-json\/wp\/v2\/media?parent=141"}],"wp:term":[{"taxonomy":"category","embeddable":true,"href":"https:\/\/bazarinformativo.com\/index.php\/wp-json\/wp\/v2\/categories?post=141"},{"taxonomy":"post_tag","embeddable":true,"href":"https:\/\/bazarinformativo.com\/index.php\/wp-json\/wp\/v2\/tags?post=141"}],"curies":[{"name":"wp","href":"https:\/\/api.w.org\/{rel}","templated":true}]}}