{"id":265,"date":"2024-05-12T14:06:57","date_gmt":"2024-05-12T14:06:57","guid":{"rendered":"https:\/\/bazarinformativo.com\/?p=265"},"modified":"2024-05-12T14:06:59","modified_gmt":"2024-05-12T14:06:59","slug":"raquel-guerrero-aspiro-a-ser-diputada-de-sde-porque-me-brindara-la-oportunidad-de-servir-a-la-gente","status":"publish","type":"post","link":"https:\/\/bazarinformativo.com\/index.php\/2024\/05\/12\/raquel-guerrero-aspiro-a-ser-diputada-de-sde-porque-me-brindara-la-oportunidad-de-servir-a-la-gente\/","title":{"rendered":"Raquel Guerrero: \u201cAspiro a ser diputada de SDE, porque me brindar\u00e1 la oportunidad de servir a la gente\u00bb"},"content":{"rendered":"\n<p class=\"has-medium-font-size\">La l\u00edder comunitaria Raquel Guerrero, candidata a diputada por la circunscripci\u00f3n 1 de Santo Domingo Este, del partido Fuerza del Pueblo, expres\u00f3 su compromiso de servicio hacia la comunidad y su deseo de representar y abogar por las necesidades de sus conciudadanos.<\/p>\n\n\n\n<p class=\"has-medium-font-size\">Con una destacada trayectoria en el \u00e1mbito comunitario y art\u00edstico, Guerrero ha demostrado su pasi\u00f3n por servir a los dem\u00e1s. Su principal objetivo al aspirar a ocupar un puesto en la C\u00e1mara de Diputados es ponerse al servicio de la comunidad y convertirse en el canal que d\u00e9 voz a una comunidad que requiere l\u00edderes comprometidos.<\/p>\n\n\n\n<p class=\"has-medium-font-size\">\u00abAspiro a ser diputada de SDE, porque me brindar\u00e1 la oportunidad de continuar con lo que m\u00e1s me apasiona: servir a la gente\u00bb, declar\u00f3 Raquel Guerrero. \u00abEstoy firmemente convencida de que nuestra labor como representantes debe ser llevar esas necesidades al frente y trabajar incansablemente para satisfacerlas\u00bb.<\/p>\n\n\n\n<p class=\"has-medium-font-size\">Raquel Guerrero se comprometi\u00f3 a trabajar en estrecha colaboraci\u00f3n con los ciudadanos, escuchando atentamente sus inquietudes y necesidades. Su objetivo es convertirse en una representante dedicada y comprometida, abogando por los intereses de la comunidad y velando por su bienestar. Con su amplia experiencia en el \u00e1mbito comunitario y su pasi\u00f3n por el servicio p\u00fablico, Guerrero est\u00e1 dispuesta a asumir los desaf\u00edos que implica el cargo y a luchar incansablemente por el desarrollo y el progreso de la circunscripci\u00f3n 1 de Santo Domingo Este.<\/p>\n\n\n\n<p class=\"has-medium-font-size\">La candidatura de Raquel Guerrero por el partido Fuerza del Pueblo representa una nueva alternativa para la comunidad, una opci\u00f3n comprometida con la defensa de los derechos y el mejoramiento de la calidad de vida de los ciudadanos. A trav\u00e9s de su candidatura, busca establecer un puente entre la comunidad y las instituciones gubernamentales, trabajando de manera conjunta para lograr cambios positivos y duraderos.<\/p>\n","protected":false},"excerpt":{"rendered":"<p>La l\u00edder comunitaria Raquel Guerrero, candidata a diputada por la circunscripci\u00f3n 1 de Santo Domingo Este, del partido Fuerza del Pueblo, expres\u00f3 su compromiso de servicio hacia la comunidad y su deseo de representar y abogar por las necesidades de sus conciudadanos. Con una destacada trayectoria en el \u00e1mbito comunitario y art\u00edstico, Guerrero ha demostrado [&hellip;]<\/p>\n","protected":false},"author":2,"featured_media":266,"comment_status":"open","ping_status":"closed","sticky":false,"template":"","format":"standard","meta":{"_et_pb_use_builder":"off","_et_pb_old_content":"","_et_gb_content_width":"","_jetpack_memberships_contains_paid_content":false,"footnotes":""},"categories":[10,9],"tags":[],"class_list":["post-265","post","type-post","status-publish","format-standard","has-post-thumbnail","hentry","category-nacional","category-ultimominuto","et-has-post-format-content","et_post_format-et-post-format-standard"],"yoast_head":"<!-- This site is optimized with the Yoast SEO plugin v23.0 - https:\/\/yoast.com\/wordpress\/plugins\/seo\/ -->\n<title>Raquel Guerrero: \u201cAspiro a ser diputada de SDE, porque me brindar\u00e1 la oportunidad de servir a la gente&quot; - Bazar Informativo Nacionales<\/title>\n<meta name=\"robots\" content=\"index, follow, max-snippet:-1, max-image-preview:large, max-video-preview:-1\" \/>\n<link rel=\"canonical\" href=\"https:\/\/bazarinformativo.com\/index.php\/2024\/05\/12\/raquel-guerrero-aspiro-a-ser-diputada-de-sde-porque-me-brindara-la-oportunidad-de-servir-a-la-gente\/\" \/>\n<meta property=\"og:locale\" content=\"es_ES\" \/>\n<meta property=\"og:type\" content=\"article\" \/>\n<meta property=\"og:title\" content=\"Raquel Guerrero: \u201cAspiro a ser diputada de SDE, porque me brindar\u00e1 la oportunidad de servir a la gente&quot; - Bazar Informativo Nacionales\" \/>\n<meta property=\"og:description\" content=\"La l\u00edder comunitaria Raquel Guerrero, candidata a diputada por la circunscripci\u00f3n 1 de Santo Domingo Este, del partido Fuerza del Pueblo, expres\u00f3 su compromiso de servicio hacia la comunidad y su deseo de representar y abogar por las necesidades de sus conciudadanos. Con una destacada trayectoria en el \u00e1mbito comunitario y art\u00edstico, Guerrero ha demostrado [&hellip;]\" \/>\n<meta property=\"og:url\" content=\"https:\/\/bazarinformativo.com\/index.php\/2024\/05\/12\/raquel-guerrero-aspiro-a-ser-diputada-de-sde-porque-me-brindara-la-oportunidad-de-servir-a-la-gente\/\" \/>\n<meta property=\"og:site_name\" content=\"Bazar Informativo\" \/>\n<meta property=\"article:published_time\" content=\"2024-05-12T14:06:57+00:00\" \/>\n<meta property=\"article:modified_time\" content=\"2024-05-12T14:06:59+00:00\" \/>\n<meta property=\"og:image\" content=\"https:\/\/bazarinformativo.com\/wp-content\/uploads\/2024\/05\/IMG_6208.jpg\" \/>\n\t<meta property=\"og:image:width\" content=\"1284\" \/>\n\t<meta property=\"og:image:height\" content=\"1510\" \/>\n\t<meta property=\"og:image:type\" content=\"image\/jpeg\" \/>\n<meta name=\"author\" content=\"Redaccion Bazar\" \/>\n<meta name=\"twitter:card\" content=\"summary_large_image\" \/>\n<meta name=\"twitter:label1\" content=\"Escrito por\" \/>\n\t<meta name=\"twitter:data1\" content=\"Redaccion Bazar\" \/>\n\t<meta name=\"twitter:label2\" content=\"Tiempo de lectura\" \/>\n\t<meta name=\"twitter:data2\" content=\"2 minutos\" \/>\n<script type=\"application\/ld+json\" class=\"yoast-schema-graph\">{\"@context\":\"https:\/\/schema.org\",\"@graph\":[{\"@type\":\"WebPage\",\"@id\":\"https:\/\/bazarinformativo.com\/index.php\/2024\/05\/12\/raquel-guerrero-aspiro-a-ser-diputada-de-sde-porque-me-brindara-la-oportunidad-de-servir-a-la-gente\/\",\"url\":\"https:\/\/bazarinformativo.com\/index.php\/2024\/05\/12\/raquel-guerrero-aspiro-a-ser-diputada-de-sde-porque-me-brindara-la-oportunidad-de-servir-a-la-gente\/\",\"name\":\"Raquel Guerrero: \u201cAspiro a ser diputada de SDE, porque me brindar\u00e1 la oportunidad de servir a la gente\\\" - Bazar Informativo Nacionales\",\"isPartOf\":{\"@id\":\"https:\/\/bazarinformativo.com\/#website\"},\"primaryImageOfPage\":{\"@id\":\"https:\/\/bazarinformativo.com\/index.php\/2024\/05\/12\/raquel-guerrero-aspiro-a-ser-diputada-de-sde-porque-me-brindara-la-oportunidad-de-servir-a-la-gente\/#primaryimage\"},\"image\":{\"@id\":\"https:\/\/bazarinformativo.com\/index.php\/2024\/05\/12\/raquel-guerrero-aspiro-a-ser-diputada-de-sde-porque-me-brindara-la-oportunidad-de-servir-a-la-gente\/#primaryimage\"},\"thumbnailUrl\":\"https:\/\/bazarinformativo.com\/wp-content\/uploads\/2024\/05\/IMG_6208.jpg\",\"datePublished\":\"2024-05-12T14:06:57+00:00\",\"dateModified\":\"2024-05-12T14:06:59+00:00\",\"author\":{\"@id\":\"https:\/\/bazarinformativo.com\/#\/schema\/person\/9e8b2db2f7f278df35410d4d9b7e9139\"},\"breadcrumb\":{\"@id\":\"https:\/\/bazarinformativo.com\/index.php\/2024\/05\/12\/raquel-guerrero-aspiro-a-ser-diputada-de-sde-porque-me-brindara-la-oportunidad-de-servir-a-la-gente\/#breadcrumb\"},\"inLanguage\":\"es\",\"potentialAction\":[{\"@type\":\"ReadAction\",\"target\":[\"https:\/\/bazarinformativo.com\/index.php\/2024\/05\/12\/raquel-guerrero-aspiro-a-ser-diputada-de-sde-porque-me-brindara-la-oportunidad-de-servir-a-la-gente\/\"]}]},{\"@type\":\"ImageObject\",\"inLanguage\":\"es\",\"@id\":\"https:\/\/bazarinformativo.com\/index.php\/2024\/05\/12\/raquel-guerrero-aspiro-a-ser-diputada-de-sde-porque-me-brindara-la-oportunidad-de-servir-a-la-gente\/#primaryimage\",\"url\":\"https:\/\/bazarinformativo.com\/wp-content\/uploads\/2024\/05\/IMG_6208.jpg\",\"contentUrl\":\"https:\/\/bazarinformativo.com\/wp-content\/uploads\/2024\/05\/IMG_6208.jpg\",\"width\":1284,\"height\":1510,\"caption\":\"Pol\u00edtica joven\"},{\"@type\":\"BreadcrumbList\",\"@id\":\"https:\/\/bazarinformativo.com\/index.php\/2024\/05\/12\/raquel-guerrero-aspiro-a-ser-diputada-de-sde-porque-me-brindara-la-oportunidad-de-servir-a-la-gente\/#breadcrumb\",\"itemListElement\":[{\"@type\":\"ListItem\",\"position\":1,\"name\":\"Portada\",\"item\":\"https:\/\/bazarinformativo.com\/\"},{\"@type\":\"ListItem\",\"position\":2,\"name\":\"Raquel Guerrero: \u201cAspiro a ser diputada de SDE, porque me brindar\u00e1 la oportunidad de servir a la gente\u00bb\"}]},{\"@type\":\"WebSite\",\"@id\":\"https:\/\/bazarinformativo.com\/#website\",\"url\":\"https:\/\/bazarinformativo.com\/\",\"name\":\"Bazar Informativo\",\"description\":\"Noticias en todo momento\",\"potentialAction\":[{\"@type\":\"SearchAction\",\"target\":{\"@type\":\"EntryPoint\",\"urlTemplate\":\"https:\/\/bazarinformativo.com\/?s={search_term_string}\"},\"query-input\":\"required name=search_term_string\"}],\"inLanguage\":\"es\"},{\"@type\":\"Person\",\"@id\":\"https:\/\/bazarinformativo.com\/#\/schema\/person\/9e8b2db2f7f278df35410d4d9b7e9139\",\"name\":\"Redaccion Bazar\",\"image\":{\"@type\":\"ImageObject\",\"inLanguage\":\"es\",\"@id\":\"https:\/\/bazarinformativo.com\/#\/schema\/person\/image\/\",\"url\":\"https:\/\/secure.gravatar.com\/avatar\/1f903fb8e2d1f095d62198c56af9a6495dbdb591b85a3619b4a5c4090d8fa045?s=96&d=mm&r=g\",\"contentUrl\":\"https:\/\/secure.gravatar.com\/avatar\/1f903fb8e2d1f095d62198c56af9a6495dbdb591b85a3619b4a5c4090d8fa045?s=96&d=mm&r=g\",\"caption\":\"Redaccion Bazar\"},\"sameAs\":[\"http:\/\/www.bazarinformativo.com\"],\"url\":\"https:\/\/bazarinformativo.com\/index.php\/author\/redaccion\/\"}]}<\/script>\n<!-- \/ Yoast SEO plugin. -->","yoast_head_json":{"title":"Raquel Guerrero: \u201cAspiro a ser diputada de SDE, porque me brindar\u00e1 la oportunidad de servir a la gente\" - Bazar Informativo Nacionales","robots":{"index":"index","follow":"follow","max-snippet":"max-snippet:-1","max-image-preview":"max-image-preview:large","max-video-preview":"max-video-preview:-1"},"canonical":"https:\/\/bazarinformativo.com\/index.php\/2024\/05\/12\/raquel-guerrero-aspiro-a-ser-diputada-de-sde-porque-me-brindara-la-oportunidad-de-servir-a-la-gente\/","og_locale":"es_ES","og_type":"article","og_title":"Raquel Guerrero: \u201cAspiro a ser diputada de SDE, porque me brindar\u00e1 la oportunidad de servir a la gente\" - Bazar Informativo Nacionales","og_description":"La l\u00edder comunitaria Raquel Guerrero, candidata a diputada por la circunscripci\u00f3n 1 de Santo Domingo Este, del partido Fuerza del Pueblo, expres\u00f3 su compromiso de servicio hacia la comunidad y su deseo de representar y abogar por las necesidades de sus conciudadanos. Con una destacada trayectoria en el \u00e1mbito comunitario y art\u00edstico, Guerrero ha demostrado [&hellip;]","og_url":"https:\/\/bazarinformativo.com\/index.php\/2024\/05\/12\/raquel-guerrero-aspiro-a-ser-diputada-de-sde-porque-me-brindara-la-oportunidad-de-servir-a-la-gente\/","og_site_name":"Bazar Informativo","article_published_time":"2024-05-12T14:06:57+00:00","article_modified_time":"2024-05-12T14:06:59+00:00","og_image":[{"width":1284,"height":1510,"url":"https:\/\/bazarinformativo.com\/wp-content\/uploads\/2024\/05\/IMG_6208.jpg","type":"image\/jpeg"}],"author":"Redaccion Bazar","twitter_card":"summary_large_image","twitter_misc":{"Escrito por":"Redaccion Bazar","Tiempo de lectura":"2 minutos"},"schema":{"@context":"https:\/\/schema.org","@graph":[{"@type":"WebPage","@id":"https:\/\/bazarinformativo.com\/index.php\/2024\/05\/12\/raquel-guerrero-aspiro-a-ser-diputada-de-sde-porque-me-brindara-la-oportunidad-de-servir-a-la-gente\/","url":"https:\/\/bazarinformativo.com\/index.php\/2024\/05\/12\/raquel-guerrero-aspiro-a-ser-diputada-de-sde-porque-me-brindara-la-oportunidad-de-servir-a-la-gente\/","name":"Raquel Guerrero: \u201cAspiro a ser diputada de SDE, porque me brindar\u00e1 la oportunidad de servir a la gente\" - Bazar Informativo Nacionales","isPartOf":{"@id":"https:\/\/bazarinformativo.com\/#website"},"primaryImageOfPage":{"@id":"https:\/\/bazarinformativo.com\/index.php\/2024\/05\/12\/raquel-guerrero-aspiro-a-ser-diputada-de-sde-porque-me-brindara-la-oportunidad-de-servir-a-la-gente\/#primaryimage"},"image":{"@id":"https:\/\/bazarinformativo.com\/index.php\/2024\/05\/12\/raquel-guerrero-aspiro-a-ser-diputada-de-sde-porque-me-brindara-la-oportunidad-de-servir-a-la-gente\/#primaryimage"},"thumbnailUrl":"https:\/\/bazarinformativo.com\/wp-content\/uploads\/2024\/05\/IMG_6208.jpg","datePublished":"2024-05-12T14:06:57+00:00","dateModified":"2024-05-12T14:06:59+00:00","author":{"@id":"https:\/\/bazarinformativo.com\/#\/schema\/person\/9e8b2db2f7f278df35410d4d9b7e9139"},"breadcrumb":{"@id":"https:\/\/bazarinformativo.com\/index.php\/2024\/05\/12\/raquel-guerrero-aspiro-a-ser-diputada-de-sde-porque-me-brindara-la-oportunidad-de-servir-a-la-gente\/#breadcrumb"},"inLanguage":"es","potentialAction":[{"@type":"ReadAction","target":["https:\/\/bazarinformativo.com\/index.php\/2024\/05\/12\/raquel-guerrero-aspiro-a-ser-diputada-de-sde-porque-me-brindara-la-oportunidad-de-servir-a-la-gente\/"]}]},{"@type":"ImageObject","inLanguage":"es","@id":"https:\/\/bazarinformativo.com\/index.php\/2024\/05\/12\/raquel-guerrero-aspiro-a-ser-diputada-de-sde-porque-me-brindara-la-oportunidad-de-servir-a-la-gente\/#primaryimage","url":"https:\/\/bazarinformativo.com\/wp-content\/uploads\/2024\/05\/IMG_6208.jpg","contentUrl":"https:\/\/bazarinformativo.com\/wp-content\/uploads\/2024\/05\/IMG_6208.jpg","width":1284,"height":1510,"caption":"Pol\u00edtica joven"},{"@type":"BreadcrumbList","@id":"https:\/\/bazarinformativo.com\/index.php\/2024\/05\/12\/raquel-guerrero-aspiro-a-ser-diputada-de-sde-porque-me-brindara-la-oportunidad-de-servir-a-la-gente\/#breadcrumb","itemListElement":[{"@type":"ListItem","position":1,"name":"Portada","item":"https:\/\/bazarinformativo.com\/"},{"@type":"ListItem","position":2,"name":"Raquel Guerrero: \u201cAspiro a ser diputada de SDE, porque me brindar\u00e1 la oportunidad de servir a la gente\u00bb"}]},{"@type":"WebSite","@id":"https:\/\/bazarinformativo.com\/#website","url":"https:\/\/bazarinformativo.com\/","name":"Bazar Informativo","description":"Noticias en todo momento","potentialAction":[{"@type":"SearchAction","target":{"@type":"EntryPoint","urlTemplate":"https:\/\/bazarinformativo.com\/?s={search_term_string}"},"query-input":"required name=search_term_string"}],"inLanguage":"es"},{"@type":"Person","@id":"https:\/\/bazarinformativo.com\/#\/schema\/person\/9e8b2db2f7f278df35410d4d9b7e9139","name":"Redaccion Bazar","image":{"@type":"ImageObject","inLanguage":"es","@id":"https:\/\/bazarinformativo.com\/#\/schema\/person\/image\/","url":"https:\/\/secure.gravatar.com\/avatar\/1f903fb8e2d1f095d62198c56af9a6495dbdb591b85a3619b4a5c4090d8fa045?s=96&d=mm&r=g","contentUrl":"https:\/\/secure.gravatar.com\/avatar\/1f903fb8e2d1f095d62198c56af9a6495dbdb591b85a3619b4a5c4090d8fa045?s=96&d=mm&r=g","caption":"Redaccion Bazar"},"sameAs":["http:\/\/www.bazarinformativo.com"],"url":"https:\/\/bazarinformativo.com\/index.php\/author\/redaccion\/"}]}},"jetpack_featured_media_url":"https:\/\/bazarinformativo.com\/wp-content\/uploads\/2024\/05\/IMG_6208.jpg","jetpack_sharing_enabled":true,"_links":{"self":[{"href":"https:\/\/bazarinformativo.com\/index.php\/wp-json\/wp\/v2\/posts\/265","targetHints":{"allow":["GET"]}}],"collection":[{"href":"https:\/\/bazarinformativo.com\/index.php\/wp-json\/wp\/v2\/posts"}],"about":[{"href":"https:\/\/bazarinformativo.com\/index.php\/wp-json\/wp\/v2\/types\/post"}],"author":[{"embeddable":true,"href":"https:\/\/bazarinformativo.com\/index.php\/wp-json\/wp\/v2\/users\/2"}],"replies":[{"embeddable":true,"href":"https:\/\/bazarinformativo.com\/index.php\/wp-json\/wp\/v2\/comments?post=265"}],"version-history":[{"count":1,"href":"https:\/\/bazarinformativo.com\/index.php\/wp-json\/wp\/v2\/posts\/265\/revisions"}],"predecessor-version":[{"id":267,"href":"https:\/\/bazarinformativo.com\/index.php\/wp-json\/wp\/v2\/posts\/265\/revisions\/267"}],"wp:featuredmedia":[{"embeddable":true,"href":"https:\/\/bazarinformativo.com\/index.php\/wp-json\/wp\/v2\/media\/266"}],"wp:attachment":[{"href":"https:\/\/bazarinformativo.com\/index.php\/wp-json\/wp\/v2\/media?parent=265"}],"wp:term":[{"taxonomy":"category","embeddable":true,"href":"https:\/\/bazarinformativo.com\/index.php\/wp-json\/wp\/v2\/categories?post=265"},{"taxonomy":"post_tag","embeddable":true,"href":"https:\/\/bazarinformativo.com\/index.php\/wp-json\/wp\/v2\/tags?post=265"}],"curies":[{"name":"wp","href":"https:\/\/api.w.org\/{rel}","templated":true}]}}