{"id":335,"date":"2024-06-01T16:22:39","date_gmt":"2024-06-01T16:22:39","guid":{"rendered":"https:\/\/bazarinformativo.com\/?p=335"},"modified":"2024-06-01T16:47:34","modified_gmt":"2024-06-01T16:47:34","slug":"artistas-visuales-presentan-segunda-exposicion-colectiva","status":"publish","type":"post","link":"https:\/\/bazarinformativo.com\/index.php\/2024\/06\/01\/artistas-visuales-presentan-segunda-exposicion-colectiva\/","title":{"rendered":"Artistas visuales presentan segunda exposici\u00f3n colectiva"},"content":{"rendered":"<p>&nbsp;<\/p>\n<h3 style=\"text-align: left;\"><em>Las obras estar\u00e1n en exhibici\u00f3n hasta mitad de junio<\/em><\/h3>\n<p>Santo Domingo. \u2013 La Asociaci\u00f3n Dominicana de Artistas Visuales (ADAV), anunci\u00f3 la puesta en escena de su segunda exposici\u00f3n colectiva, este mi\u00e9rcoles 29 de mayo, en la galer\u00eda Bodden, cuyo acto est\u00e1 pautado para iniciar a las 7:00 de la noche.<\/p>\n<p>Artistas de la talla de Alejandro Asencio, Breilin Montero, Jos\u00e9 Demetrio Pe\u00f1a, Ginia Berrido Francisco S\u00e1nchez Guanabacoa, Marcos Guerra, Rosalba Hern\u00e1ndez, Patricia Gamundi, Pilar Asmar, Luis Heredia y Josefina Garrido junto a una veintena m\u00e1s de destacados artistas visuales participar\u00e1n en la exposici\u00f3n que estar\u00e1 puesta para el p\u00fablico hasta mediados de junio de manera gratuita y abierta al p\u00fablico.<\/p>\n<p>Alescar Ortiz, secretario de la organizaci\u00f3n, inform\u00f3 que cada artista participante expondr\u00e1 obras de gran inter\u00e9s para el p\u00fablico, entre gr\u00e1ficas de pintura, grabados, esculturas, entre otras t\u00e9cnicas que destacan la creatividad y el arte contempor\u00e1neo dominicano.<\/p>\n<p>\u201cEsta actividad reafirma el compromiso de la asociaci\u00f3n de visibilizar a los artistas de las distintas disciplinas, adem\u00e1s de abordar el gremialismo con una visi\u00f3n actual en cuanto a la gesti\u00f3n colectiva\u201d, manifest\u00f3 Ortiz.<\/p>\n<p>Durante el periodo de la exposici\u00f3n, se llevar\u00e1n a cabo visitas guiadas, que permitir\u00e1n una interacci\u00f3n m\u00e1s profunda con las obras y sus creadores.<\/p>\n<p>\u201cEsperamos que los visitantes disfruten de esta experiencia y se sientan inspirados por las obras que hemos reunido\u201d, dijo Ortiz.<\/p>\n<p><a href=\"https:\/\/bazarinformativo.com\/wp-content\/uploads\/2024\/06\/WhatsApp-Image-2024-06-01-at-11.43.08.jpeg\"><img loading=\"lazy\" decoding=\"async\" class=\"aligncenter size-full wp-image-337\" src=\"https:\/\/bazarinformativo.com\/wp-content\/uploads\/2024\/06\/WhatsApp-Image-2024-06-01-at-11.43.08.jpeg\" alt=\"\" width=\"1600\" height=\"900\" srcset=\"https:\/\/bazarinformativo.com\/wp-content\/uploads\/2024\/06\/WhatsApp-Image-2024-06-01-at-11.43.08.jpeg 1600w, https:\/\/bazarinformativo.com\/wp-content\/uploads\/2024\/06\/WhatsApp-Image-2024-06-01-at-11.43.08-300x169.jpeg 300w, https:\/\/bazarinformativo.com\/wp-content\/uploads\/2024\/06\/WhatsApp-Image-2024-06-01-at-11.43.08-1024x576.jpeg 1024w, https:\/\/bazarinformativo.com\/wp-content\/uploads\/2024\/06\/WhatsApp-Image-2024-06-01-at-11.43.08-768x432.jpeg 768w, https:\/\/bazarinformativo.com\/wp-content\/uploads\/2024\/06\/WhatsApp-Image-2024-06-01-at-11.43.08-1536x864.jpeg 1536w, https:\/\/bazarinformativo.com\/wp-content\/uploads\/2024\/06\/WhatsApp-Image-2024-06-01-at-11.43.08-1080x608.jpeg 1080w\" sizes=\"(max-width: 1600px) 100vw, 1600px\" \/><\/a><\/p>\n<p><strong>Sobre ADAV<\/strong><\/p>\n<p>La Asociaci\u00f3n Dominicana de Artistas Visuales es una organizaci\u00f3n sin fines de lucro, cuyo objetivo principal es acoger y representar a los profesionales del \u00e1mbito art\u00edstico nacional. Entre estos profesionales se encuentran: dibujantes, pintores, escultores, grabadistas, dise\u00f1adores gr\u00e1ficos, ilustradores, performers, instaladores, artistas digitales, video arte y otras disciplinas que se contemplan en las nuevas tendencias de la producci\u00f3n visual. El gremio integra artistas dominicanos presentes en el \u00e1mbito local e internacional.<\/p>\n","protected":false},"excerpt":{"rendered":"<p>&nbsp; Las obras estar\u00e1n en exhibici\u00f3n hasta mitad de junio Santo Domingo. \u2013 La Asociaci\u00f3n Dominicana de Artistas Visuales (ADAV), anunci\u00f3 la puesta en escena de su segunda exposici\u00f3n colectiva, este mi\u00e9rcoles 29 de mayo, en la galer\u00eda Bodden, cuyo acto est\u00e1 pautado para iniciar a las 7:00 de la noche. Artistas de la talla [&hellip;]<\/p>\n","protected":false},"author":2,"featured_media":336,"comment_status":"open","ping_status":"closed","sticky":false,"template":"","format":"standard","meta":{"_et_pb_use_builder":"","_et_pb_old_content":"","_et_gb_content_width":"","_jetpack_memberships_contains_paid_content":false,"footnotes":""},"categories":[5,8],"tags":[37,35,36],"class_list":["post-335","post","type-post","status-publish","format-standard","has-post-thumbnail","hentry","category-actualidad","category-farandula","tag-arte-visual","tag-artistas","tag-obras-de-arte","et-has-post-format-content","et_post_format-et-post-format-standard"],"yoast_head":"<!-- This site is optimized with the Yoast SEO plugin v23.0 - https:\/\/yoast.com\/wordpress\/plugins\/seo\/ -->\n<title>Artistas visuales presentan segunda exposici\u00f3n colectiva - Bazar Informativo Actualidad<\/title>\n<meta name=\"robots\" content=\"index, follow, max-snippet:-1, max-image-preview:large, max-video-preview:-1\" \/>\n<link rel=\"canonical\" href=\"https:\/\/bazarinformativo.com\/index.php\/2024\/06\/01\/artistas-visuales-presentan-segunda-exposicion-colectiva\/\" \/>\n<meta property=\"og:locale\" content=\"es_ES\" \/>\n<meta property=\"og:type\" content=\"article\" \/>\n<meta property=\"og:title\" content=\"Artistas visuales presentan segunda exposici\u00f3n colectiva - Bazar Informativo Actualidad\" \/>\n<meta property=\"og:description\" content=\"&nbsp; Las obras estar\u00e1n en exhibici\u00f3n hasta mitad de junio Santo Domingo. \u2013 La Asociaci\u00f3n Dominicana de Artistas Visuales (ADAV), anunci\u00f3 la puesta en escena de su segunda exposici\u00f3n colectiva, este mi\u00e9rcoles 29 de mayo, en la galer\u00eda Bodden, cuyo acto est\u00e1 pautado para iniciar a las 7:00 de la noche. Artistas de la talla [&hellip;]\" \/>\n<meta property=\"og:url\" content=\"https:\/\/bazarinformativo.com\/index.php\/2024\/06\/01\/artistas-visuales-presentan-segunda-exposicion-colectiva\/\" \/>\n<meta property=\"og:site_name\" content=\"Bazar Informativo\" \/>\n<meta property=\"article:published_time\" content=\"2024-06-01T16:22:39+00:00\" \/>\n<meta property=\"article:modified_time\" content=\"2024-06-01T16:47:34+00:00\" \/>\n<meta property=\"og:image\" content=\"https:\/\/bazarinformativo.com\/wp-content\/uploads\/2024\/06\/WhatsApp-Image-2024-06-01-at-11.43.07.jpeg\" \/>\n\t<meta property=\"og:image:width\" content=\"1280\" \/>\n\t<meta property=\"og:image:height\" content=\"720\" \/>\n\t<meta property=\"og:image:type\" content=\"image\/jpeg\" \/>\n<meta name=\"author\" content=\"Redaccion Bazar\" \/>\n<meta name=\"twitter:card\" content=\"summary_large_image\" \/>\n<meta name=\"twitter:label1\" content=\"Escrito por\" \/>\n\t<meta name=\"twitter:data1\" content=\"Redaccion Bazar\" \/>\n\t<meta name=\"twitter:label2\" content=\"Tiempo de lectura\" \/>\n\t<meta name=\"twitter:data2\" content=\"2 minutos\" \/>\n<script type=\"application\/ld+json\" class=\"yoast-schema-graph\">{\"@context\":\"https:\/\/schema.org\",\"@graph\":[{\"@type\":\"WebPage\",\"@id\":\"https:\/\/bazarinformativo.com\/index.php\/2024\/06\/01\/artistas-visuales-presentan-segunda-exposicion-colectiva\/\",\"url\":\"https:\/\/bazarinformativo.com\/index.php\/2024\/06\/01\/artistas-visuales-presentan-segunda-exposicion-colectiva\/\",\"name\":\"Artistas visuales presentan segunda exposici\u00f3n colectiva - Bazar Informativo Actualidad\",\"isPartOf\":{\"@id\":\"https:\/\/bazarinformativo.com\/#website\"},\"primaryImageOfPage\":{\"@id\":\"https:\/\/bazarinformativo.com\/index.php\/2024\/06\/01\/artistas-visuales-presentan-segunda-exposicion-colectiva\/#primaryimage\"},\"image\":{\"@id\":\"https:\/\/bazarinformativo.com\/index.php\/2024\/06\/01\/artistas-visuales-presentan-segunda-exposicion-colectiva\/#primaryimage\"},\"thumbnailUrl\":\"https:\/\/bazarinformativo.com\/wp-content\/uploads\/2024\/06\/WhatsApp-Image-2024-06-01-at-11.43.07.jpeg\",\"datePublished\":\"2024-06-01T16:22:39+00:00\",\"dateModified\":\"2024-06-01T16:47:34+00:00\",\"author\":{\"@id\":\"https:\/\/bazarinformativo.com\/#\/schema\/person\/9e8b2db2f7f278df35410d4d9b7e9139\"},\"breadcrumb\":{\"@id\":\"https:\/\/bazarinformativo.com\/index.php\/2024\/06\/01\/artistas-visuales-presentan-segunda-exposicion-colectiva\/#breadcrumb\"},\"inLanguage\":\"es\",\"potentialAction\":[{\"@type\":\"ReadAction\",\"target\":[\"https:\/\/bazarinformativo.com\/index.php\/2024\/06\/01\/artistas-visuales-presentan-segunda-exposicion-colectiva\/\"]}]},{\"@type\":\"ImageObject\",\"inLanguage\":\"es\",\"@id\":\"https:\/\/bazarinformativo.com\/index.php\/2024\/06\/01\/artistas-visuales-presentan-segunda-exposicion-colectiva\/#primaryimage\",\"url\":\"https:\/\/bazarinformativo.com\/wp-content\/uploads\/2024\/06\/WhatsApp-Image-2024-06-01-at-11.43.07.jpeg\",\"contentUrl\":\"https:\/\/bazarinformativo.com\/wp-content\/uploads\/2024\/06\/WhatsApp-Image-2024-06-01-at-11.43.07.jpeg\",\"width\":1280,\"height\":720},{\"@type\":\"BreadcrumbList\",\"@id\":\"https:\/\/bazarinformativo.com\/index.php\/2024\/06\/01\/artistas-visuales-presentan-segunda-exposicion-colectiva\/#breadcrumb\",\"itemListElement\":[{\"@type\":\"ListItem\",\"position\":1,\"name\":\"Portada\",\"item\":\"https:\/\/bazarinformativo.com\/\"},{\"@type\":\"ListItem\",\"position\":2,\"name\":\"Artistas visuales presentan segunda exposici\u00f3n colectiva\"}]},{\"@type\":\"WebSite\",\"@id\":\"https:\/\/bazarinformativo.com\/#website\",\"url\":\"https:\/\/bazarinformativo.com\/\",\"name\":\"Bazar Informativo\",\"description\":\"Noticias en todo momento\",\"potentialAction\":[{\"@type\":\"SearchAction\",\"target\":{\"@type\":\"EntryPoint\",\"urlTemplate\":\"https:\/\/bazarinformativo.com\/?s={search_term_string}\"},\"query-input\":\"required name=search_term_string\"}],\"inLanguage\":\"es\"},{\"@type\":\"Person\",\"@id\":\"https:\/\/bazarinformativo.com\/#\/schema\/person\/9e8b2db2f7f278df35410d4d9b7e9139\",\"name\":\"Redaccion Bazar\",\"image\":{\"@type\":\"ImageObject\",\"inLanguage\":\"es\",\"@id\":\"https:\/\/bazarinformativo.com\/#\/schema\/person\/image\/\",\"url\":\"https:\/\/secure.gravatar.com\/avatar\/1f903fb8e2d1f095d62198c56af9a6495dbdb591b85a3619b4a5c4090d8fa045?s=96&d=mm&r=g\",\"contentUrl\":\"https:\/\/secure.gravatar.com\/avatar\/1f903fb8e2d1f095d62198c56af9a6495dbdb591b85a3619b4a5c4090d8fa045?s=96&d=mm&r=g\",\"caption\":\"Redaccion Bazar\"},\"sameAs\":[\"http:\/\/www.bazarinformativo.com\"],\"url\":\"https:\/\/bazarinformativo.com\/index.php\/author\/redaccion\/\"}]}<\/script>\n<!-- \/ Yoast SEO plugin. -->","yoast_head_json":{"title":"Artistas visuales presentan segunda exposici\u00f3n colectiva - Bazar Informativo Actualidad","robots":{"index":"index","follow":"follow","max-snippet":"max-snippet:-1","max-image-preview":"max-image-preview:large","max-video-preview":"max-video-preview:-1"},"canonical":"https:\/\/bazarinformativo.com\/index.php\/2024\/06\/01\/artistas-visuales-presentan-segunda-exposicion-colectiva\/","og_locale":"es_ES","og_type":"article","og_title":"Artistas visuales presentan segunda exposici\u00f3n colectiva - Bazar Informativo Actualidad","og_description":"&nbsp; Las obras estar\u00e1n en exhibici\u00f3n hasta mitad de junio Santo Domingo. \u2013 La Asociaci\u00f3n Dominicana de Artistas Visuales (ADAV), anunci\u00f3 la puesta en escena de su segunda exposici\u00f3n colectiva, este mi\u00e9rcoles 29 de mayo, en la galer\u00eda Bodden, cuyo acto est\u00e1 pautado para iniciar a las 7:00 de la noche. Artistas de la talla [&hellip;]","og_url":"https:\/\/bazarinformativo.com\/index.php\/2024\/06\/01\/artistas-visuales-presentan-segunda-exposicion-colectiva\/","og_site_name":"Bazar Informativo","article_published_time":"2024-06-01T16:22:39+00:00","article_modified_time":"2024-06-01T16:47:34+00:00","og_image":[{"width":1280,"height":720,"url":"https:\/\/bazarinformativo.com\/wp-content\/uploads\/2024\/06\/WhatsApp-Image-2024-06-01-at-11.43.07.jpeg","type":"image\/jpeg"}],"author":"Redaccion Bazar","twitter_card":"summary_large_image","twitter_misc":{"Escrito por":"Redaccion Bazar","Tiempo de lectura":"2 minutos"},"schema":{"@context":"https:\/\/schema.org","@graph":[{"@type":"WebPage","@id":"https:\/\/bazarinformativo.com\/index.php\/2024\/06\/01\/artistas-visuales-presentan-segunda-exposicion-colectiva\/","url":"https:\/\/bazarinformativo.com\/index.php\/2024\/06\/01\/artistas-visuales-presentan-segunda-exposicion-colectiva\/","name":"Artistas visuales presentan segunda exposici\u00f3n colectiva - Bazar Informativo Actualidad","isPartOf":{"@id":"https:\/\/bazarinformativo.com\/#website"},"primaryImageOfPage":{"@id":"https:\/\/bazarinformativo.com\/index.php\/2024\/06\/01\/artistas-visuales-presentan-segunda-exposicion-colectiva\/#primaryimage"},"image":{"@id":"https:\/\/bazarinformativo.com\/index.php\/2024\/06\/01\/artistas-visuales-presentan-segunda-exposicion-colectiva\/#primaryimage"},"thumbnailUrl":"https:\/\/bazarinformativo.com\/wp-content\/uploads\/2024\/06\/WhatsApp-Image-2024-06-01-at-11.43.07.jpeg","datePublished":"2024-06-01T16:22:39+00:00","dateModified":"2024-06-01T16:47:34+00:00","author":{"@id":"https:\/\/bazarinformativo.com\/#\/schema\/person\/9e8b2db2f7f278df35410d4d9b7e9139"},"breadcrumb":{"@id":"https:\/\/bazarinformativo.com\/index.php\/2024\/06\/01\/artistas-visuales-presentan-segunda-exposicion-colectiva\/#breadcrumb"},"inLanguage":"es","potentialAction":[{"@type":"ReadAction","target":["https:\/\/bazarinformativo.com\/index.php\/2024\/06\/01\/artistas-visuales-presentan-segunda-exposicion-colectiva\/"]}]},{"@type":"ImageObject","inLanguage":"es","@id":"https:\/\/bazarinformativo.com\/index.php\/2024\/06\/01\/artistas-visuales-presentan-segunda-exposicion-colectiva\/#primaryimage","url":"https:\/\/bazarinformativo.com\/wp-content\/uploads\/2024\/06\/WhatsApp-Image-2024-06-01-at-11.43.07.jpeg","contentUrl":"https:\/\/bazarinformativo.com\/wp-content\/uploads\/2024\/06\/WhatsApp-Image-2024-06-01-at-11.43.07.jpeg","width":1280,"height":720},{"@type":"BreadcrumbList","@id":"https:\/\/bazarinformativo.com\/index.php\/2024\/06\/01\/artistas-visuales-presentan-segunda-exposicion-colectiva\/#breadcrumb","itemListElement":[{"@type":"ListItem","position":1,"name":"Portada","item":"https:\/\/bazarinformativo.com\/"},{"@type":"ListItem","position":2,"name":"Artistas visuales presentan segunda exposici\u00f3n colectiva"}]},{"@type":"WebSite","@id":"https:\/\/bazarinformativo.com\/#website","url":"https:\/\/bazarinformativo.com\/","name":"Bazar Informativo","description":"Noticias en todo momento","potentialAction":[{"@type":"SearchAction","target":{"@type":"EntryPoint","urlTemplate":"https:\/\/bazarinformativo.com\/?s={search_term_string}"},"query-input":"required name=search_term_string"}],"inLanguage":"es"},{"@type":"Person","@id":"https:\/\/bazarinformativo.com\/#\/schema\/person\/9e8b2db2f7f278df35410d4d9b7e9139","name":"Redaccion Bazar","image":{"@type":"ImageObject","inLanguage":"es","@id":"https:\/\/bazarinformativo.com\/#\/schema\/person\/image\/","url":"https:\/\/secure.gravatar.com\/avatar\/1f903fb8e2d1f095d62198c56af9a6495dbdb591b85a3619b4a5c4090d8fa045?s=96&d=mm&r=g","contentUrl":"https:\/\/secure.gravatar.com\/avatar\/1f903fb8e2d1f095d62198c56af9a6495dbdb591b85a3619b4a5c4090d8fa045?s=96&d=mm&r=g","caption":"Redaccion Bazar"},"sameAs":["http:\/\/www.bazarinformativo.com"],"url":"https:\/\/bazarinformativo.com\/index.php\/author\/redaccion\/"}]}},"jetpack_featured_media_url":"https:\/\/bazarinformativo.com\/wp-content\/uploads\/2024\/06\/WhatsApp-Image-2024-06-01-at-11.43.07.jpeg","jetpack_sharing_enabled":true,"_links":{"self":[{"href":"https:\/\/bazarinformativo.com\/index.php\/wp-json\/wp\/v2\/posts\/335","targetHints":{"allow":["GET"]}}],"collection":[{"href":"https:\/\/bazarinformativo.com\/index.php\/wp-json\/wp\/v2\/posts"}],"about":[{"href":"https:\/\/bazarinformativo.com\/index.php\/wp-json\/wp\/v2\/types\/post"}],"author":[{"embeddable":true,"href":"https:\/\/bazarinformativo.com\/index.php\/wp-json\/wp\/v2\/users\/2"}],"replies":[{"embeddable":true,"href":"https:\/\/bazarinformativo.com\/index.php\/wp-json\/wp\/v2\/comments?post=335"}],"version-history":[{"count":2,"href":"https:\/\/bazarinformativo.com\/index.php\/wp-json\/wp\/v2\/posts\/335\/revisions"}],"predecessor-version":[{"id":339,"href":"https:\/\/bazarinformativo.com\/index.php\/wp-json\/wp\/v2\/posts\/335\/revisions\/339"}],"wp:featuredmedia":[{"embeddable":true,"href":"https:\/\/bazarinformativo.com\/index.php\/wp-json\/wp\/v2\/media\/336"}],"wp:attachment":[{"href":"https:\/\/bazarinformativo.com\/index.php\/wp-json\/wp\/v2\/media?parent=335"}],"wp:term":[{"taxonomy":"category","embeddable":true,"href":"https:\/\/bazarinformativo.com\/index.php\/wp-json\/wp\/v2\/categories?post=335"},{"taxonomy":"post_tag","embeddable":true,"href":"https:\/\/bazarinformativo.com\/index.php\/wp-json\/wp\/v2\/tags?post=335"}],"curies":[{"name":"wp","href":"https:\/\/api.w.org\/{rel}","templated":true}]}}