{"id":478,"date":"2024-06-09T19:09:46","date_gmt":"2024-06-09T23:09:46","guid":{"rendered":"https:\/\/bazarinformativo.com\/?p=478"},"modified":"2024-06-09T19:09:46","modified_gmt":"2024-06-09T23:09:46","slug":"presidente-abinader-designa-nuevo-director-en-pasaportes","status":"publish","type":"post","link":"https:\/\/bazarinformativo.com\/index.php\/2024\/06\/09\/presidente-abinader-designa-nuevo-director-en-pasaportes\/","title":{"rendered":"Presidente Abinader designa nuevo director en Pasaportes"},"content":{"rendered":"<p>La Presidencia dio a conocer la tarde de este domingo que el presidente Luis Abinader emiti\u00f3 el decreto 314-24, mediante el cual design\u00f3 a Lorenzo David Ram\u00edrez Uribe como director general de la Direcci\u00f3n General de Pasaportes, en sustituci\u00f3n de Digna Reynoso.<\/p>\n<p>El decreto establece, adem\u00e1s que, Digna Reynoso queda designada como directora ejecutiva del Consejo Nacional de Gesti\u00f3n Presidencial.<\/p>\n<p>La sustituci\u00f3n de la funcionaria se da en medio de quejas constantes por el servicio que ofrece la Direcci\u00f3n de Pasaportes, calificado por ciudadanos como muy deficiente.<\/p>\n<p>\u00abCon la presente disposici\u00f3n presidencial se deroga el art\u00edculo I del Decreto n\u00fam. 500-20 del 23 de septiembre ele 2020; as\u00ed como el art\u00edculo I del Decreto n\u00fam. 133-23 del 28 de marzo de 2023\u00bb, dice la nota de prensa de la Presidencia.<\/p>\n<p>&nbsp;<\/p>\n","protected":false},"excerpt":{"rendered":"<p>La Presidencia dio a conocer la tarde de este domingo que el presidente Luis Abinader emiti\u00f3 el decreto 314-24, mediante el cual design\u00f3 a Lorenzo David Ram\u00edrez Uribe como director general de la Direcci\u00f3n General de Pasaportes, en sustituci\u00f3n de Digna Reynoso. El decreto establece, adem\u00e1s que, Digna Reynoso queda designada como directora ejecutiva del [&hellip;]<\/p>\n","protected":false},"author":2,"featured_media":479,"comment_status":"open","ping_status":"closed","sticky":false,"template":"","format":"standard","meta":{"_et_pb_use_builder":"","_et_pb_old_content":"","_et_gb_content_width":"","_jetpack_memberships_contains_paid_content":false,"footnotes":""},"categories":[10,9],"tags":[],"class_list":["post-478","post","type-post","status-publish","format-standard","has-post-thumbnail","hentry","category-nacional","category-ultimominuto","et-has-post-format-content","et_post_format-et-post-format-standard"],"yoast_head":"<!-- This site is optimized with the Yoast SEO plugin v23.0 - https:\/\/yoast.com\/wordpress\/plugins\/seo\/ -->\n<title>Presidente Abinader designa nuevo director en Pasaportes - Bazar Informativo Nacionales<\/title>\n<meta name=\"robots\" content=\"index, follow, max-snippet:-1, max-image-preview:large, max-video-preview:-1\" \/>\n<link rel=\"canonical\" href=\"https:\/\/bazarinformativo.com\/index.php\/2024\/06\/09\/presidente-abinader-designa-nuevo-director-en-pasaportes\/\" \/>\n<meta property=\"og:locale\" content=\"es_ES\" \/>\n<meta property=\"og:type\" content=\"article\" \/>\n<meta property=\"og:title\" content=\"Presidente Abinader designa nuevo director en Pasaportes - Bazar Informativo Nacionales\" \/>\n<meta property=\"og:description\" content=\"La Presidencia dio a conocer la tarde de este domingo que el presidente Luis Abinader emiti\u00f3 el decreto 314-24, mediante el cual design\u00f3 a Lorenzo David Ram\u00edrez Uribe como director general de la Direcci\u00f3n General de Pasaportes, en sustituci\u00f3n de Digna Reynoso. El decreto establece, adem\u00e1s que, Digna Reynoso queda designada como directora ejecutiva del [&hellip;]\" \/>\n<meta property=\"og:url\" content=\"https:\/\/bazarinformativo.com\/index.php\/2024\/06\/09\/presidente-abinader-designa-nuevo-director-en-pasaportes\/\" \/>\n<meta property=\"og:site_name\" content=\"Bazar Informativo\" \/>\n<meta property=\"article:published_time\" content=\"2024-06-09T23:09:46+00:00\" \/>\n<meta property=\"og:image\" content=\"https:\/\/bazarinformativo.com\/wp-content\/uploads\/2024\/06\/lorenzo-david-ramirez-uribe-es-el-nuevo-director-de-pasaportes-focus-0-0-608-342.jpg\" \/>\n\t<meta property=\"og:image:width\" content=\"608\" \/>\n\t<meta property=\"og:image:height\" content=\"342\" \/>\n\t<meta property=\"og:image:type\" content=\"image\/jpeg\" \/>\n<meta name=\"author\" content=\"Redaccion Bazar\" \/>\n<meta name=\"twitter:card\" content=\"summary_large_image\" \/>\n<meta name=\"twitter:label1\" content=\"Escrito por\" \/>\n\t<meta name=\"twitter:data1\" content=\"Redaccion Bazar\" \/>\n\t<meta name=\"twitter:label2\" content=\"Tiempo de lectura\" \/>\n\t<meta name=\"twitter:data2\" content=\"1 minuto\" \/>\n<script type=\"application\/ld+json\" class=\"yoast-schema-graph\">{\"@context\":\"https:\/\/schema.org\",\"@graph\":[{\"@type\":\"WebPage\",\"@id\":\"https:\/\/bazarinformativo.com\/index.php\/2024\/06\/09\/presidente-abinader-designa-nuevo-director-en-pasaportes\/\",\"url\":\"https:\/\/bazarinformativo.com\/index.php\/2024\/06\/09\/presidente-abinader-designa-nuevo-director-en-pasaportes\/\",\"name\":\"Presidente Abinader designa nuevo director en Pasaportes - Bazar Informativo Nacionales\",\"isPartOf\":{\"@id\":\"https:\/\/bazarinformativo.com\/#website\"},\"primaryImageOfPage\":{\"@id\":\"https:\/\/bazarinformativo.com\/index.php\/2024\/06\/09\/presidente-abinader-designa-nuevo-director-en-pasaportes\/#primaryimage\"},\"image\":{\"@id\":\"https:\/\/bazarinformativo.com\/index.php\/2024\/06\/09\/presidente-abinader-designa-nuevo-director-en-pasaportes\/#primaryimage\"},\"thumbnailUrl\":\"https:\/\/bazarinformativo.com\/wp-content\/uploads\/2024\/06\/lorenzo-david-ramirez-uribe-es-el-nuevo-director-de-pasaportes-focus-0-0-608-342.jpg\",\"datePublished\":\"2024-06-09T23:09:46+00:00\",\"dateModified\":\"2024-06-09T23:09:46+00:00\",\"author\":{\"@id\":\"https:\/\/bazarinformativo.com\/#\/schema\/person\/9e8b2db2f7f278df35410d4d9b7e9139\"},\"breadcrumb\":{\"@id\":\"https:\/\/bazarinformativo.com\/index.php\/2024\/06\/09\/presidente-abinader-designa-nuevo-director-en-pasaportes\/#breadcrumb\"},\"inLanguage\":\"es\",\"potentialAction\":[{\"@type\":\"ReadAction\",\"target\":[\"https:\/\/bazarinformativo.com\/index.php\/2024\/06\/09\/presidente-abinader-designa-nuevo-director-en-pasaportes\/\"]}]},{\"@type\":\"ImageObject\",\"inLanguage\":\"es\",\"@id\":\"https:\/\/bazarinformativo.com\/index.php\/2024\/06\/09\/presidente-abinader-designa-nuevo-director-en-pasaportes\/#primaryimage\",\"url\":\"https:\/\/bazarinformativo.com\/wp-content\/uploads\/2024\/06\/lorenzo-david-ramirez-uribe-es-el-nuevo-director-de-pasaportes-focus-0-0-608-342.jpg\",\"contentUrl\":\"https:\/\/bazarinformativo.com\/wp-content\/uploads\/2024\/06\/lorenzo-david-ramirez-uribe-es-el-nuevo-director-de-pasaportes-focus-0-0-608-342.jpg\",\"width\":608,\"height\":342},{\"@type\":\"BreadcrumbList\",\"@id\":\"https:\/\/bazarinformativo.com\/index.php\/2024\/06\/09\/presidente-abinader-designa-nuevo-director-en-pasaportes\/#breadcrumb\",\"itemListElement\":[{\"@type\":\"ListItem\",\"position\":1,\"name\":\"Portada\",\"item\":\"https:\/\/bazarinformativo.com\/\"},{\"@type\":\"ListItem\",\"position\":2,\"name\":\"Presidente Abinader designa nuevo director en Pasaportes\"}]},{\"@type\":\"WebSite\",\"@id\":\"https:\/\/bazarinformativo.com\/#website\",\"url\":\"https:\/\/bazarinformativo.com\/\",\"name\":\"Bazar Informativo\",\"description\":\"Noticias en todo momento\",\"potentialAction\":[{\"@type\":\"SearchAction\",\"target\":{\"@type\":\"EntryPoint\",\"urlTemplate\":\"https:\/\/bazarinformativo.com\/?s={search_term_string}\"},\"query-input\":\"required name=search_term_string\"}],\"inLanguage\":\"es\"},{\"@type\":\"Person\",\"@id\":\"https:\/\/bazarinformativo.com\/#\/schema\/person\/9e8b2db2f7f278df35410d4d9b7e9139\",\"name\":\"Redaccion Bazar\",\"image\":{\"@type\":\"ImageObject\",\"inLanguage\":\"es\",\"@id\":\"https:\/\/bazarinformativo.com\/#\/schema\/person\/image\/\",\"url\":\"https:\/\/secure.gravatar.com\/avatar\/1f903fb8e2d1f095d62198c56af9a6495dbdb591b85a3619b4a5c4090d8fa045?s=96&d=mm&r=g\",\"contentUrl\":\"https:\/\/secure.gravatar.com\/avatar\/1f903fb8e2d1f095d62198c56af9a6495dbdb591b85a3619b4a5c4090d8fa045?s=96&d=mm&r=g\",\"caption\":\"Redaccion Bazar\"},\"sameAs\":[\"http:\/\/www.bazarinformativo.com\"],\"url\":\"https:\/\/bazarinformativo.com\/index.php\/author\/redaccion\/\"}]}<\/script>\n<!-- \/ Yoast SEO plugin. -->","yoast_head_json":{"title":"Presidente Abinader designa nuevo director en Pasaportes - Bazar Informativo Nacionales","robots":{"index":"index","follow":"follow","max-snippet":"max-snippet:-1","max-image-preview":"max-image-preview:large","max-video-preview":"max-video-preview:-1"},"canonical":"https:\/\/bazarinformativo.com\/index.php\/2024\/06\/09\/presidente-abinader-designa-nuevo-director-en-pasaportes\/","og_locale":"es_ES","og_type":"article","og_title":"Presidente Abinader designa nuevo director en Pasaportes - Bazar Informativo Nacionales","og_description":"La Presidencia dio a conocer la tarde de este domingo que el presidente Luis Abinader emiti\u00f3 el decreto 314-24, mediante el cual design\u00f3 a Lorenzo David Ram\u00edrez Uribe como director general de la Direcci\u00f3n General de Pasaportes, en sustituci\u00f3n de Digna Reynoso. El decreto establece, adem\u00e1s que, Digna Reynoso queda designada como directora ejecutiva del [&hellip;]","og_url":"https:\/\/bazarinformativo.com\/index.php\/2024\/06\/09\/presidente-abinader-designa-nuevo-director-en-pasaportes\/","og_site_name":"Bazar Informativo","article_published_time":"2024-06-09T23:09:46+00:00","og_image":[{"width":608,"height":342,"url":"https:\/\/bazarinformativo.com\/wp-content\/uploads\/2024\/06\/lorenzo-david-ramirez-uribe-es-el-nuevo-director-de-pasaportes-focus-0-0-608-342.jpg","type":"image\/jpeg"}],"author":"Redaccion Bazar","twitter_card":"summary_large_image","twitter_misc":{"Escrito por":"Redaccion Bazar","Tiempo de lectura":"1 minuto"},"schema":{"@context":"https:\/\/schema.org","@graph":[{"@type":"WebPage","@id":"https:\/\/bazarinformativo.com\/index.php\/2024\/06\/09\/presidente-abinader-designa-nuevo-director-en-pasaportes\/","url":"https:\/\/bazarinformativo.com\/index.php\/2024\/06\/09\/presidente-abinader-designa-nuevo-director-en-pasaportes\/","name":"Presidente Abinader designa nuevo director en Pasaportes - Bazar Informativo Nacionales","isPartOf":{"@id":"https:\/\/bazarinformativo.com\/#website"},"primaryImageOfPage":{"@id":"https:\/\/bazarinformativo.com\/index.php\/2024\/06\/09\/presidente-abinader-designa-nuevo-director-en-pasaportes\/#primaryimage"},"image":{"@id":"https:\/\/bazarinformativo.com\/index.php\/2024\/06\/09\/presidente-abinader-designa-nuevo-director-en-pasaportes\/#primaryimage"},"thumbnailUrl":"https:\/\/bazarinformativo.com\/wp-content\/uploads\/2024\/06\/lorenzo-david-ramirez-uribe-es-el-nuevo-director-de-pasaportes-focus-0-0-608-342.jpg","datePublished":"2024-06-09T23:09:46+00:00","dateModified":"2024-06-09T23:09:46+00:00","author":{"@id":"https:\/\/bazarinformativo.com\/#\/schema\/person\/9e8b2db2f7f278df35410d4d9b7e9139"},"breadcrumb":{"@id":"https:\/\/bazarinformativo.com\/index.php\/2024\/06\/09\/presidente-abinader-designa-nuevo-director-en-pasaportes\/#breadcrumb"},"inLanguage":"es","potentialAction":[{"@type":"ReadAction","target":["https:\/\/bazarinformativo.com\/index.php\/2024\/06\/09\/presidente-abinader-designa-nuevo-director-en-pasaportes\/"]}]},{"@type":"ImageObject","inLanguage":"es","@id":"https:\/\/bazarinformativo.com\/index.php\/2024\/06\/09\/presidente-abinader-designa-nuevo-director-en-pasaportes\/#primaryimage","url":"https:\/\/bazarinformativo.com\/wp-content\/uploads\/2024\/06\/lorenzo-david-ramirez-uribe-es-el-nuevo-director-de-pasaportes-focus-0-0-608-342.jpg","contentUrl":"https:\/\/bazarinformativo.com\/wp-content\/uploads\/2024\/06\/lorenzo-david-ramirez-uribe-es-el-nuevo-director-de-pasaportes-focus-0-0-608-342.jpg","width":608,"height":342},{"@type":"BreadcrumbList","@id":"https:\/\/bazarinformativo.com\/index.php\/2024\/06\/09\/presidente-abinader-designa-nuevo-director-en-pasaportes\/#breadcrumb","itemListElement":[{"@type":"ListItem","position":1,"name":"Portada","item":"https:\/\/bazarinformativo.com\/"},{"@type":"ListItem","position":2,"name":"Presidente Abinader designa nuevo director en Pasaportes"}]},{"@type":"WebSite","@id":"https:\/\/bazarinformativo.com\/#website","url":"https:\/\/bazarinformativo.com\/","name":"Bazar Informativo","description":"Noticias en todo momento","potentialAction":[{"@type":"SearchAction","target":{"@type":"EntryPoint","urlTemplate":"https:\/\/bazarinformativo.com\/?s={search_term_string}"},"query-input":"required name=search_term_string"}],"inLanguage":"es"},{"@type":"Person","@id":"https:\/\/bazarinformativo.com\/#\/schema\/person\/9e8b2db2f7f278df35410d4d9b7e9139","name":"Redaccion Bazar","image":{"@type":"ImageObject","inLanguage":"es","@id":"https:\/\/bazarinformativo.com\/#\/schema\/person\/image\/","url":"https:\/\/secure.gravatar.com\/avatar\/1f903fb8e2d1f095d62198c56af9a6495dbdb591b85a3619b4a5c4090d8fa045?s=96&d=mm&r=g","contentUrl":"https:\/\/secure.gravatar.com\/avatar\/1f903fb8e2d1f095d62198c56af9a6495dbdb591b85a3619b4a5c4090d8fa045?s=96&d=mm&r=g","caption":"Redaccion Bazar"},"sameAs":["http:\/\/www.bazarinformativo.com"],"url":"https:\/\/bazarinformativo.com\/index.php\/author\/redaccion\/"}]}},"jetpack_featured_media_url":"https:\/\/bazarinformativo.com\/wp-content\/uploads\/2024\/06\/lorenzo-david-ramirez-uribe-es-el-nuevo-director-de-pasaportes-focus-0-0-608-342.jpg","jetpack_sharing_enabled":true,"_links":{"self":[{"href":"https:\/\/bazarinformativo.com\/index.php\/wp-json\/wp\/v2\/posts\/478","targetHints":{"allow":["GET"]}}],"collection":[{"href":"https:\/\/bazarinformativo.com\/index.php\/wp-json\/wp\/v2\/posts"}],"about":[{"href":"https:\/\/bazarinformativo.com\/index.php\/wp-json\/wp\/v2\/types\/post"}],"author":[{"embeddable":true,"href":"https:\/\/bazarinformativo.com\/index.php\/wp-json\/wp\/v2\/users\/2"}],"replies":[{"embeddable":true,"href":"https:\/\/bazarinformativo.com\/index.php\/wp-json\/wp\/v2\/comments?post=478"}],"version-history":[{"count":1,"href":"https:\/\/bazarinformativo.com\/index.php\/wp-json\/wp\/v2\/posts\/478\/revisions"}],"predecessor-version":[{"id":480,"href":"https:\/\/bazarinformativo.com\/index.php\/wp-json\/wp\/v2\/posts\/478\/revisions\/480"}],"wp:featuredmedia":[{"embeddable":true,"href":"https:\/\/bazarinformativo.com\/index.php\/wp-json\/wp\/v2\/media\/479"}],"wp:attachment":[{"href":"https:\/\/bazarinformativo.com\/index.php\/wp-json\/wp\/v2\/media?parent=478"}],"wp:term":[{"taxonomy":"category","embeddable":true,"href":"https:\/\/bazarinformativo.com\/index.php\/wp-json\/wp\/v2\/categories?post=478"},{"taxonomy":"post_tag","embeddable":true,"href":"https:\/\/bazarinformativo.com\/index.php\/wp-json\/wp\/v2\/tags?post=478"}],"curies":[{"name":"wp","href":"https:\/\/api.w.org\/{rel}","templated":true}]}}