{"id":887,"date":"2024-09-30T12:41:36","date_gmt":"2024-09-30T16:41:36","guid":{"rendered":"https:\/\/bazarinformativo.com\/?p=887"},"modified":"2024-09-30T12:41:36","modified_gmt":"2024-09-30T16:41:36","slug":"anuncian-reubicacion-tuberias-interseccion-27-de-febrero-con-isabel-aguiar-que-limitara-servicio-de-agua-potable","status":"publish","type":"post","link":"https:\/\/bazarinformativo.com\/index.php\/2024\/09\/30\/anuncian-reubicacion-tuberias-interseccion-27-de-febrero-con-isabel-aguiar-que-limitara-servicio-de-agua-potable\/","title":{"rendered":"Anuncian remoci\u00f3n y reubicaci\u00f3n tuber\u00edas intersecci\u00f3n 27 de Febrero con Isabel Aguiar que limitar\u00e1 servicio de agua potable"},"content":{"rendered":"<p><i><span lang=\"ES-DO\">Estas acciones son necesarias para la agilizaci\u00f3n de los trabajos que realiza el MOPC con miras a resolver el tr\u00e1nsito en la zona<\/span><\/i><\/p>\n<p><b><span lang=\"ES-DO\">Santo Domingo.<\/span><\/b><span lang=\"ES-DO\">\u00a0\u2013 La Corporaci\u00f3n del Acueducto y Alcantarillado de Santo Domingo (CAASD) realizar\u00e1 trabajos t\u00e9cnicos en la intersecci\u00f3n de las avenidas 27 de febrero (prolongaci\u00f3n) e Isabel Aguiar, municipio Santo Domingo Oeste que limitar\u00e1 el servicio de agua potable en algunos sectores de la referida demarcaci\u00f3n.<\/span><\/p>\n<p><span lang=\"ES-DO\">Estas ejecutorias forman parte de las labores de construcci\u00f3n del paso a desnivel, proyecto que lleva a cabo el Ministerio de Obras P\u00fablicas y Comunicaciones (MOPC).<\/span><\/p>\n<p><span lang=\"ES-DO\">As\u00ed lo informaron el ingeniero Luis Salcedo de la CAASD y el viceministro Roberto Herrera del MOPC, quienes en rueda de prensa detallaron que las brigadas de las instituciones ejecutar\u00e1n labores en la l\u00ednea de distribuci\u00f3n de agua potable, a partir del lunes 7 de octubre.<\/span><\/p>\n<p><span lang=\"ES-DO\">En ese sentido, se anunci\u00f3 que los equipos laborar\u00e1n de manera permanente durante un intervalo de 10 d\u00edas, por lo que durante ese tiempo estar\u00e1 limitado el servicio del preciado l\u00edquido para algunos sectores del Gran Santo Domingo.<\/span><\/p>\n<p><span lang=\"ES-DO\">Salcedo destac\u00f3 que tanto la CAASD como Obras P\u00fablicas dispondr\u00e1n de una flotilla de 150 camiones cisterna para suplir la demanda de las localidades impactadas.<\/span><\/p>\n<p><span lang=\"ES-DO\">Asimismo, el ingeniero detall\u00f3 que dentro de los sectores que tendr\u00e1n limitado el servicio de agua potable se encuentran El Caf\u00e9 de Herrera, ensanche Altagracia, residencial Santo Domingo, zona industrial de Herrera, La Mina, Guajim\u00eda, Para\u00edso, Engombe, residencial Iv\u00e1n Guzm\u00e1n, El Abanico, El Palmar, Colinas de Engombe, residenciales Loyola y Ure\u00f1a, Altos de Engombe y Palacio de Engombe.<\/span><\/p>\n<p><span lang=\"ES-DO\">Se pidi\u00f3 la compresi\u00f3n a la poblaci\u00f3n y disculpas a los usuarios por los inconvenientes que se puedan ocasionar durante la intervenci\u00f3n. \u201cSabemos lo que esto implica para las familias y el tr\u00e1nsito, pero es necesario hacerlo, imponi\u00e9ndose siempre la calidad y el menor tiempo posible\u201d, asegur\u00f3 el funcionario.<\/span><\/p>\n<p><span lang=\"ES-DO\">Los trabajos contar\u00e1n con la colaboraci\u00f3n del instituto Nacional de Tr\u00e1nsito y Transporte Terreste (Intrant) y la Digesett.\u00a0<\/span><\/p>\n","protected":false},"excerpt":{"rendered":"<p>Estas acciones son necesarias para la agilizaci\u00f3n de los trabajos que realiza el MOPC con miras a resolver el tr\u00e1nsito en la zona Santo Domingo.\u00a0\u2013 La Corporaci\u00f3n del Acueducto y Alcantarillado de Santo Domingo (CAASD) realizar\u00e1 trabajos t\u00e9cnicos en la intersecci\u00f3n de las avenidas 27 de febrero (prolongaci\u00f3n) e Isabel Aguiar, municipio Santo Domingo Oeste [&hellip;]<\/p>\n","protected":false},"author":2,"featured_media":889,"comment_status":"open","ping_status":"closed","sticky":false,"template":"","format":"standard","meta":{"_et_pb_use_builder":"","_et_pb_old_content":"","_et_gb_content_width":"","_jetpack_memberships_contains_paid_content":false,"footnotes":""},"categories":[10],"tags":[],"class_list":["post-887","post","type-post","status-publish","format-standard","has-post-thumbnail","hentry","category-nacional","et-has-post-format-content","et_post_format-et-post-format-standard"],"yoast_head":"<!-- This site is optimized with the Yoast SEO plugin v23.0 - https:\/\/yoast.com\/wordpress\/plugins\/seo\/ -->\n<title>Anuncian remoci\u00f3n y reubicaci\u00f3n tuber\u00edas intersecci\u00f3n 27 de Febrero con Isabel Aguiar que limitar\u00e1 servicio de agua potable - Bazar Informativo Nacionales<\/title>\n<meta name=\"description\" content=\"La Corporaci\u00f3n del Acueducto y Alcantarillado de Santo Domingo (CAASD) realizar\u00e1 trabajos t\u00e9cnicos en la intersecci\u00f3n de las avenidas 27 de febrero (prolongaci\u00f3n) e Isabel Aguiar, municipio Santo Domingo Oeste que limitar\u00e1 el servicio de agua potable en algunos sectores de la referida demarcaci\u00f3n.\" \/>\n<meta name=\"robots\" content=\"index, follow, max-snippet:-1, max-image-preview:large, max-video-preview:-1\" \/>\n<link rel=\"canonical\" href=\"https:\/\/bazarinformativo.com\/index.php\/2024\/09\/30\/anuncian-reubicacion-tuberias-interseccion-27-de-febrero-con-isabel-aguiar-que-limitara-servicio-de-agua-potable\/\" \/>\n<meta property=\"og:locale\" content=\"es_ES\" \/>\n<meta property=\"og:type\" content=\"article\" \/>\n<meta property=\"og:title\" content=\"Anuncian remoci\u00f3n y reubicaci\u00f3n tuber\u00edas intersecci\u00f3n 27 de Febrero con Isabel Aguiar que limitar\u00e1 servicio de agua potable - Bazar Informativo Nacionales\" \/>\n<meta property=\"og:description\" content=\"La Corporaci\u00f3n del Acueducto y Alcantarillado de Santo Domingo (CAASD) realizar\u00e1 trabajos t\u00e9cnicos en la intersecci\u00f3n de las avenidas 27 de febrero (prolongaci\u00f3n) e Isabel Aguiar, municipio Santo Domingo Oeste que limitar\u00e1 el servicio de agua potable en algunos sectores de la referida demarcaci\u00f3n.\" \/>\n<meta property=\"og:url\" content=\"https:\/\/bazarinformativo.com\/index.php\/2024\/09\/30\/anuncian-reubicacion-tuberias-interseccion-27-de-febrero-con-isabel-aguiar-que-limitara-servicio-de-agua-potable\/\" \/>\n<meta property=\"og:site_name\" content=\"Bazar Informativo\" \/>\n<meta property=\"article:published_time\" content=\"2024-09-30T16:41:36+00:00\" \/>\n<meta property=\"og:image\" content=\"https:\/\/bazarinformativo.com\/wp-content\/uploads\/2024\/09\/rp-1.jpg\" \/>\n\t<meta property=\"og:image:width\" content=\"1280\" \/>\n\t<meta property=\"og:image:height\" content=\"853\" \/>\n\t<meta property=\"og:image:type\" content=\"image\/jpeg\" \/>\n<meta name=\"author\" content=\"Redaccion Bazar\" \/>\n<meta name=\"twitter:card\" content=\"summary_large_image\" \/>\n<meta name=\"twitter:label1\" content=\"Escrito por\" \/>\n\t<meta name=\"twitter:data1\" content=\"Redaccion Bazar\" \/>\n\t<meta name=\"twitter:label2\" content=\"Tiempo de lectura\" \/>\n\t<meta name=\"twitter:data2\" content=\"2 minutos\" \/>\n<script type=\"application\/ld+json\" class=\"yoast-schema-graph\">{\"@context\":\"https:\/\/schema.org\",\"@graph\":[{\"@type\":\"WebPage\",\"@id\":\"https:\/\/bazarinformativo.com\/index.php\/2024\/09\/30\/anuncian-reubicacion-tuberias-interseccion-27-de-febrero-con-isabel-aguiar-que-limitara-servicio-de-agua-potable\/\",\"url\":\"https:\/\/bazarinformativo.com\/index.php\/2024\/09\/30\/anuncian-reubicacion-tuberias-interseccion-27-de-febrero-con-isabel-aguiar-que-limitara-servicio-de-agua-potable\/\",\"name\":\"Anuncian remoci\u00f3n y reubicaci\u00f3n tuber\u00edas intersecci\u00f3n 27 de Febrero con Isabel Aguiar que limitar\u00e1 servicio de agua potable - Bazar Informativo Nacionales\",\"isPartOf\":{\"@id\":\"https:\/\/bazarinformativo.com\/#website\"},\"primaryImageOfPage\":{\"@id\":\"https:\/\/bazarinformativo.com\/index.php\/2024\/09\/30\/anuncian-reubicacion-tuberias-interseccion-27-de-febrero-con-isabel-aguiar-que-limitara-servicio-de-agua-potable\/#primaryimage\"},\"image\":{\"@id\":\"https:\/\/bazarinformativo.com\/index.php\/2024\/09\/30\/anuncian-reubicacion-tuberias-interseccion-27-de-febrero-con-isabel-aguiar-que-limitara-servicio-de-agua-potable\/#primaryimage\"},\"thumbnailUrl\":\"https:\/\/bazarinformativo.com\/wp-content\/uploads\/2024\/09\/rp-1.jpg\",\"datePublished\":\"2024-09-30T16:41:36+00:00\",\"dateModified\":\"2024-09-30T16:41:36+00:00\",\"author\":{\"@id\":\"https:\/\/bazarinformativo.com\/#\/schema\/person\/9e8b2db2f7f278df35410d4d9b7e9139\"},\"description\":\"La Corporaci\u00f3n del Acueducto y Alcantarillado de Santo Domingo (CAASD) realizar\u00e1 trabajos t\u00e9cnicos en la intersecci\u00f3n de las avenidas 27 de febrero (prolongaci\u00f3n) e Isabel Aguiar, municipio Santo Domingo Oeste que limitar\u00e1 el servicio de agua potable en algunos sectores de la referida demarcaci\u00f3n.\",\"breadcrumb\":{\"@id\":\"https:\/\/bazarinformativo.com\/index.php\/2024\/09\/30\/anuncian-reubicacion-tuberias-interseccion-27-de-febrero-con-isabel-aguiar-que-limitara-servicio-de-agua-potable\/#breadcrumb\"},\"inLanguage\":\"es\",\"potentialAction\":[{\"@type\":\"ReadAction\",\"target\":[\"https:\/\/bazarinformativo.com\/index.php\/2024\/09\/30\/anuncian-reubicacion-tuberias-interseccion-27-de-febrero-con-isabel-aguiar-que-limitara-servicio-de-agua-potable\/\"]}]},{\"@type\":\"ImageObject\",\"inLanguage\":\"es\",\"@id\":\"https:\/\/bazarinformativo.com\/index.php\/2024\/09\/30\/anuncian-reubicacion-tuberias-interseccion-27-de-febrero-con-isabel-aguiar-que-limitara-servicio-de-agua-potable\/#primaryimage\",\"url\":\"https:\/\/bazarinformativo.com\/wp-content\/uploads\/2024\/09\/rp-1.jpg\",\"contentUrl\":\"https:\/\/bazarinformativo.com\/wp-content\/uploads\/2024\/09\/rp-1.jpg\",\"width\":1280,\"height\":853},{\"@type\":\"BreadcrumbList\",\"@id\":\"https:\/\/bazarinformativo.com\/index.php\/2024\/09\/30\/anuncian-reubicacion-tuberias-interseccion-27-de-febrero-con-isabel-aguiar-que-limitara-servicio-de-agua-potable\/#breadcrumb\",\"itemListElement\":[{\"@type\":\"ListItem\",\"position\":1,\"name\":\"Portada\",\"item\":\"https:\/\/bazarinformativo.com\/\"},{\"@type\":\"ListItem\",\"position\":2,\"name\":\"Anuncian remoci\u00f3n y reubicaci\u00f3n tuber\u00edas intersecci\u00f3n 27 de Febrero con Isabel Aguiar que limitar\u00e1 servicio de agua potable\"}]},{\"@type\":\"WebSite\",\"@id\":\"https:\/\/bazarinformativo.com\/#website\",\"url\":\"https:\/\/bazarinformativo.com\/\",\"name\":\"Bazar Informativo\",\"description\":\"Noticias en todo momento\",\"potentialAction\":[{\"@type\":\"SearchAction\",\"target\":{\"@type\":\"EntryPoint\",\"urlTemplate\":\"https:\/\/bazarinformativo.com\/?s={search_term_string}\"},\"query-input\":\"required name=search_term_string\"}],\"inLanguage\":\"es\"},{\"@type\":\"Person\",\"@id\":\"https:\/\/bazarinformativo.com\/#\/schema\/person\/9e8b2db2f7f278df35410d4d9b7e9139\",\"name\":\"Redaccion Bazar\",\"image\":{\"@type\":\"ImageObject\",\"inLanguage\":\"es\",\"@id\":\"https:\/\/bazarinformativo.com\/#\/schema\/person\/image\/\",\"url\":\"https:\/\/secure.gravatar.com\/avatar\/1f903fb8e2d1f095d62198c56af9a6495dbdb591b85a3619b4a5c4090d8fa045?s=96&d=mm&r=g\",\"contentUrl\":\"https:\/\/secure.gravatar.com\/avatar\/1f903fb8e2d1f095d62198c56af9a6495dbdb591b85a3619b4a5c4090d8fa045?s=96&d=mm&r=g\",\"caption\":\"Redaccion Bazar\"},\"sameAs\":[\"http:\/\/www.bazarinformativo.com\"],\"url\":\"https:\/\/bazarinformativo.com\/index.php\/author\/redaccion\/\"}]}<\/script>\n<!-- \/ Yoast SEO plugin. -->","yoast_head_json":{"title":"Anuncian remoci\u00f3n y reubicaci\u00f3n tuber\u00edas intersecci\u00f3n 27 de Febrero con Isabel Aguiar que limitar\u00e1 servicio de agua potable - Bazar Informativo Nacionales","description":"La Corporaci\u00f3n del Acueducto y Alcantarillado de Santo Domingo (CAASD) realizar\u00e1 trabajos t\u00e9cnicos en la intersecci\u00f3n de las avenidas 27 de febrero (prolongaci\u00f3n) e Isabel Aguiar, municipio Santo Domingo Oeste que limitar\u00e1 el servicio de agua potable en algunos sectores de la referida demarcaci\u00f3n.","robots":{"index":"index","follow":"follow","max-snippet":"max-snippet:-1","max-image-preview":"max-image-preview:large","max-video-preview":"max-video-preview:-1"},"canonical":"https:\/\/bazarinformativo.com\/index.php\/2024\/09\/30\/anuncian-reubicacion-tuberias-interseccion-27-de-febrero-con-isabel-aguiar-que-limitara-servicio-de-agua-potable\/","og_locale":"es_ES","og_type":"article","og_title":"Anuncian remoci\u00f3n y reubicaci\u00f3n tuber\u00edas intersecci\u00f3n 27 de Febrero con Isabel Aguiar que limitar\u00e1 servicio de agua potable - Bazar Informativo Nacionales","og_description":"La Corporaci\u00f3n del Acueducto y Alcantarillado de Santo Domingo (CAASD) realizar\u00e1 trabajos t\u00e9cnicos en la intersecci\u00f3n de las avenidas 27 de febrero (prolongaci\u00f3n) e Isabel Aguiar, municipio Santo Domingo Oeste que limitar\u00e1 el servicio de agua potable en algunos sectores de la referida demarcaci\u00f3n.","og_url":"https:\/\/bazarinformativo.com\/index.php\/2024\/09\/30\/anuncian-reubicacion-tuberias-interseccion-27-de-febrero-con-isabel-aguiar-que-limitara-servicio-de-agua-potable\/","og_site_name":"Bazar Informativo","article_published_time":"2024-09-30T16:41:36+00:00","og_image":[{"width":1280,"height":853,"url":"https:\/\/bazarinformativo.com\/wp-content\/uploads\/2024\/09\/rp-1.jpg","type":"image\/jpeg"}],"author":"Redaccion Bazar","twitter_card":"summary_large_image","twitter_misc":{"Escrito por":"Redaccion Bazar","Tiempo de lectura":"2 minutos"},"schema":{"@context":"https:\/\/schema.org","@graph":[{"@type":"WebPage","@id":"https:\/\/bazarinformativo.com\/index.php\/2024\/09\/30\/anuncian-reubicacion-tuberias-interseccion-27-de-febrero-con-isabel-aguiar-que-limitara-servicio-de-agua-potable\/","url":"https:\/\/bazarinformativo.com\/index.php\/2024\/09\/30\/anuncian-reubicacion-tuberias-interseccion-27-de-febrero-con-isabel-aguiar-que-limitara-servicio-de-agua-potable\/","name":"Anuncian remoci\u00f3n y reubicaci\u00f3n tuber\u00edas intersecci\u00f3n 27 de Febrero con Isabel Aguiar que limitar\u00e1 servicio de agua potable - Bazar Informativo Nacionales","isPartOf":{"@id":"https:\/\/bazarinformativo.com\/#website"},"primaryImageOfPage":{"@id":"https:\/\/bazarinformativo.com\/index.php\/2024\/09\/30\/anuncian-reubicacion-tuberias-interseccion-27-de-febrero-con-isabel-aguiar-que-limitara-servicio-de-agua-potable\/#primaryimage"},"image":{"@id":"https:\/\/bazarinformativo.com\/index.php\/2024\/09\/30\/anuncian-reubicacion-tuberias-interseccion-27-de-febrero-con-isabel-aguiar-que-limitara-servicio-de-agua-potable\/#primaryimage"},"thumbnailUrl":"https:\/\/bazarinformativo.com\/wp-content\/uploads\/2024\/09\/rp-1.jpg","datePublished":"2024-09-30T16:41:36+00:00","dateModified":"2024-09-30T16:41:36+00:00","author":{"@id":"https:\/\/bazarinformativo.com\/#\/schema\/person\/9e8b2db2f7f278df35410d4d9b7e9139"},"description":"La Corporaci\u00f3n del Acueducto y Alcantarillado de Santo Domingo (CAASD) realizar\u00e1 trabajos t\u00e9cnicos en la intersecci\u00f3n de las avenidas 27 de febrero (prolongaci\u00f3n) e Isabel Aguiar, municipio Santo Domingo Oeste que limitar\u00e1 el servicio de agua potable en algunos sectores de la referida demarcaci\u00f3n.","breadcrumb":{"@id":"https:\/\/bazarinformativo.com\/index.php\/2024\/09\/30\/anuncian-reubicacion-tuberias-interseccion-27-de-febrero-con-isabel-aguiar-que-limitara-servicio-de-agua-potable\/#breadcrumb"},"inLanguage":"es","potentialAction":[{"@type":"ReadAction","target":["https:\/\/bazarinformativo.com\/index.php\/2024\/09\/30\/anuncian-reubicacion-tuberias-interseccion-27-de-febrero-con-isabel-aguiar-que-limitara-servicio-de-agua-potable\/"]}]},{"@type":"ImageObject","inLanguage":"es","@id":"https:\/\/bazarinformativo.com\/index.php\/2024\/09\/30\/anuncian-reubicacion-tuberias-interseccion-27-de-febrero-con-isabel-aguiar-que-limitara-servicio-de-agua-potable\/#primaryimage","url":"https:\/\/bazarinformativo.com\/wp-content\/uploads\/2024\/09\/rp-1.jpg","contentUrl":"https:\/\/bazarinformativo.com\/wp-content\/uploads\/2024\/09\/rp-1.jpg","width":1280,"height":853},{"@type":"BreadcrumbList","@id":"https:\/\/bazarinformativo.com\/index.php\/2024\/09\/30\/anuncian-reubicacion-tuberias-interseccion-27-de-febrero-con-isabel-aguiar-que-limitara-servicio-de-agua-potable\/#breadcrumb","itemListElement":[{"@type":"ListItem","position":1,"name":"Portada","item":"https:\/\/bazarinformativo.com\/"},{"@type":"ListItem","position":2,"name":"Anuncian remoci\u00f3n y reubicaci\u00f3n tuber\u00edas intersecci\u00f3n 27 de Febrero con Isabel Aguiar que limitar\u00e1 servicio de agua potable"}]},{"@type":"WebSite","@id":"https:\/\/bazarinformativo.com\/#website","url":"https:\/\/bazarinformativo.com\/","name":"Bazar Informativo","description":"Noticias en todo momento","potentialAction":[{"@type":"SearchAction","target":{"@type":"EntryPoint","urlTemplate":"https:\/\/bazarinformativo.com\/?s={search_term_string}"},"query-input":"required name=search_term_string"}],"inLanguage":"es"},{"@type":"Person","@id":"https:\/\/bazarinformativo.com\/#\/schema\/person\/9e8b2db2f7f278df35410d4d9b7e9139","name":"Redaccion Bazar","image":{"@type":"ImageObject","inLanguage":"es","@id":"https:\/\/bazarinformativo.com\/#\/schema\/person\/image\/","url":"https:\/\/secure.gravatar.com\/avatar\/1f903fb8e2d1f095d62198c56af9a6495dbdb591b85a3619b4a5c4090d8fa045?s=96&d=mm&r=g","contentUrl":"https:\/\/secure.gravatar.com\/avatar\/1f903fb8e2d1f095d62198c56af9a6495dbdb591b85a3619b4a5c4090d8fa045?s=96&d=mm&r=g","caption":"Redaccion Bazar"},"sameAs":["http:\/\/www.bazarinformativo.com"],"url":"https:\/\/bazarinformativo.com\/index.php\/author\/redaccion\/"}]}},"jetpack_featured_media_url":"https:\/\/bazarinformativo.com\/wp-content\/uploads\/2024\/09\/rp-1.jpg","jetpack_sharing_enabled":true,"_links":{"self":[{"href":"https:\/\/bazarinformativo.com\/index.php\/wp-json\/wp\/v2\/posts\/887","targetHints":{"allow":["GET"]}}],"collection":[{"href":"https:\/\/bazarinformativo.com\/index.php\/wp-json\/wp\/v2\/posts"}],"about":[{"href":"https:\/\/bazarinformativo.com\/index.php\/wp-json\/wp\/v2\/types\/post"}],"author":[{"embeddable":true,"href":"https:\/\/bazarinformativo.com\/index.php\/wp-json\/wp\/v2\/users\/2"}],"replies":[{"embeddable":true,"href":"https:\/\/bazarinformativo.com\/index.php\/wp-json\/wp\/v2\/comments?post=887"}],"version-history":[{"count":1,"href":"https:\/\/bazarinformativo.com\/index.php\/wp-json\/wp\/v2\/posts\/887\/revisions"}],"predecessor-version":[{"id":890,"href":"https:\/\/bazarinformativo.com\/index.php\/wp-json\/wp\/v2\/posts\/887\/revisions\/890"}],"wp:featuredmedia":[{"embeddable":true,"href":"https:\/\/bazarinformativo.com\/index.php\/wp-json\/wp\/v2\/media\/889"}],"wp:attachment":[{"href":"https:\/\/bazarinformativo.com\/index.php\/wp-json\/wp\/v2\/media?parent=887"}],"wp:term":[{"taxonomy":"category","embeddable":true,"href":"https:\/\/bazarinformativo.com\/index.php\/wp-json\/wp\/v2\/categories?post=887"},{"taxonomy":"post_tag","embeddable":true,"href":"https:\/\/bazarinformativo.com\/index.php\/wp-json\/wp\/v2\/tags?post=887"}],"curies":[{"name":"wp","href":"https:\/\/api.w.org\/{rel}","templated":true}]}}