{"id":902,"date":"2024-10-09T20:57:11","date_gmt":"2024-10-10T00:57:11","guid":{"rendered":"https:\/\/bazarinformativo.com\/?p=902"},"modified":"2024-10-09T20:57:11","modified_gmt":"2024-10-10T00:57:11","slug":"eps-celebra-35-anos-de-innovacion-y-compromiso-en-el-servicio-logistico","status":"publish","type":"post","link":"https:\/\/bazarinformativo.com\/index.php\/2024\/10\/09\/eps-celebra-35-anos-de-innovacion-y-compromiso-en-el-servicio-logistico\/","title":{"rendered":"EPS celebra 35 A\u00f1os de innovaci\u00f3n y compromiso en el servicio log\u00edstico."},"content":{"rendered":"<p style=\"font-weight: 400;\">Santo Domingo \u2014 Este a\u00f1o, EPS marca un hito significativo al celebrar 35 a\u00f1os de innovaci\u00f3n y compromiso en el servicio log\u00edstico. Desde sus inicios, la empresa ha enfrentado desaf\u00edos y abrazado oportunidades, siempre con el respaldo incondicional de sus clientes, colaboradores y socios comerciales en todo el pa\u00eds.<\/p>\n<p style=\"font-weight: 400;\">La misi\u00f3n de EPS ha sido ofrecer soluciones log\u00edsticas que transformen la experiencia de comercio en l\u00ednea y faciliten el acceso a productos en la Rep\u00fablica Dominicana. Durante un c\u00f3ctel conmemorativo, Dino Menicucci, presidente de EPS, destac\u00f3: \u201cHoy, al mirar hacia atr\u00e1s, vemos c\u00f3mo esta misi\u00f3n ha guiado cada uno de nuestros pasos. Gracias a la confianza depositada en nosotros, hemos superado obst\u00e1culos y alcanzado nuevas metas\u201d.<\/p>\n<p style=\"font-weight: 400;\">En su compromiso con una operaci\u00f3n sostenible, EPS ha implementado iniciativas que incluyen la optimizaci\u00f3n de sus operaciones y el uso de tecnolog\u00edas de \u00faltima generaci\u00f3n. La empresa ha ampliado su red a m\u00e1s de 90 localidades en todo el pa\u00eds, incluyendo nuevas oficinas en Neiba, Imbert y Playa Nueva Romana, garantizando un acceso m\u00e1s amplio y eficiente a sus servicios.<\/p>\n<p style=\"font-weight: 400;\">Adem\u00e1s, EPS ha invertido en la modernizaci\u00f3n de sus almacenes en Miami y sus instalaciones locales, aline\u00e1ndose con las tendencias globales en sostenibilidad. Esto permite mejoras en la recepci\u00f3n, clasificaci\u00f3n, despacho y atenci\u00f3n al cliente en todo el pa\u00eds. Adicionalmente, est\u00e1n mejorando su infraestructura tecnol\u00f3gica para alinearse con las nuevas tendencias globales, incorporando servicios que utilizan inteligencia artificial y modelos de \u00faltima generaci\u00f3n, que permitir\u00e1n estar a la vanguardia en la industria.<\/p>\n<p style=\"font-weight: 400;\">Luis Antonio Menicucci, vicepresidente de Mercadeo y Ventas, destac\u00f3: \u201cHoy nos enorgullece ofrecer servicios premium sin costo adicional a nuestros clientes, como el servicio de retornos de mercanc\u00edas, que ha generado mayor confianza en las compras en l\u00ednea. Adem\u00e1s, hemos expandido nuestra red de oficinas a nivel nacional a trav\u00e9s de un exitoso esquema de franquicias, convirti\u00e9ndonos en el courier con la mayor cobertura en la Rep\u00fablica Dominicana, garantizando accesibilidad y conveniencia para todos nuestros clientes en cada rinc\u00f3n del pa\u00eds\u201d.<\/p>\n<p style=\"font-weight: 400;\">Durante la celebraci\u00f3n, EPS lanz\u00f3 su nueva campa\u00f1a publicitaria institucional, que refleja la esencia de la empresa: \u201cEn cada env\u00edo, no solo llevamos paquetes, sino emociones, momentos felices y recuerdos\u201d. Esta campa\u00f1a subraya el deseo de EPS de estar presente en los momentos significativos de sus clientes.<\/p>\n<p style=\"font-weight: 400;\">La celebraci\u00f3n concluy\u00f3 con un agradecimiento a todos los presentes por ser parte de esta historia de \u00e9xito, mientras EPS mira hacia el futuro con optimismo y la promesa de seguir construyendo relaciones s\u00f3lidas.<\/p>\n<p style=\"font-weight: 400;\"><strong><u>Acerca de Express Parcel Service &#8211; EPS<\/u><\/strong><\/p>\n<p style=\"font-weight: 400;\">Con 35 a\u00f1os de liderazgo en el sector courier, EPS es pionera en soluciones log\u00edsticas para el transporte de paqueter\u00eda y carga, tanto a nivel nacional como internacional. Con una red de 90 oficinas y un moderno centro log\u00edstico, EPS garantiza eficiencia y confiabilidad en cada env\u00edo, generando m\u00e1s de 300 empleos directos y expandiendo su impacto en la regi\u00f3n.<\/p>\n","protected":false},"excerpt":{"rendered":"<p>Santo Domingo \u2014 Este a\u00f1o, EPS marca un hito significativo al celebrar 35 a\u00f1os de innovaci\u00f3n y compromiso en el servicio log\u00edstico. Desde sus inicios, la empresa ha enfrentado desaf\u00edos y abrazado oportunidades, siempre con el respaldo incondicional de sus clientes, colaboradores y socios comerciales en todo el pa\u00eds. La misi\u00f3n de EPS ha sido [&hellip;]<\/p>\n","protected":false},"author":2,"featured_media":903,"comment_status":"open","ping_status":"closed","sticky":false,"template":"","format":"standard","meta":{"_et_pb_use_builder":"","_et_pb_old_content":"","_et_gb_content_width":"","_jetpack_memberships_contains_paid_content":false,"footnotes":""},"categories":[4],"tags":[187,186,188],"class_list":["post-902","post","type-post","status-publish","format-standard","has-post-thumbnail","hentry","category-mundo","tag-35-anos","tag-eps","tag-innovacion-y-compromiso","et-has-post-format-content","et_post_format-et-post-format-standard"],"yoast_head":"<!-- This site is optimized with the Yoast SEO plugin v23.0 - https:\/\/yoast.com\/wordpress\/plugins\/seo\/ -->\n<title>EPS celebra 35 A\u00f1os de innovaci\u00f3n y compromiso en el servicio log\u00edstico. - Bazar Informativo Mundo<\/title>\n<meta name=\"description\" content=\"EPS marca un hito significativo al celebrar 35 a\u00f1os de innovaci\u00f3n y compromiso en el servicio log\u00edstic\" \/>\n<meta name=\"robots\" content=\"index, follow, max-snippet:-1, max-image-preview:large, max-video-preview:-1\" \/>\n<link rel=\"canonical\" href=\"https:\/\/bazarinformativo.com\/index.php\/2024\/10\/09\/eps-celebra-35-anos-de-innovacion-y-compromiso-en-el-servicio-logistico\/\" \/>\n<meta property=\"og:locale\" content=\"es_ES\" \/>\n<meta property=\"og:type\" content=\"article\" \/>\n<meta property=\"og:title\" content=\"EPS celebra 35 A\u00f1os de innovaci\u00f3n y compromiso en el servicio log\u00edstico. - Bazar Informativo Mundo\" \/>\n<meta property=\"og:description\" content=\"EPS marca un hito significativo al celebrar 35 a\u00f1os de innovaci\u00f3n y compromiso en el servicio log\u00edstic\" \/>\n<meta property=\"og:url\" content=\"https:\/\/bazarinformativo.com\/index.php\/2024\/10\/09\/eps-celebra-35-anos-de-innovacion-y-compromiso-en-el-servicio-logistico\/\" \/>\n<meta property=\"og:site_name\" content=\"Bazar Informativo\" \/>\n<meta property=\"article:published_time\" content=\"2024-10-10T00:57:11+00:00\" \/>\n<meta property=\"og:image\" content=\"https:\/\/bazarinformativo.com\/wp-content\/uploads\/2024\/10\/Larissa-Savinon-Mercedes-Brador-Mariestela-Almonte-Ramon-Coste-scaled.jpg\" \/>\n\t<meta property=\"og:image:width\" content=\"2560\" \/>\n\t<meta property=\"og:image:height\" content=\"1707\" \/>\n\t<meta property=\"og:image:type\" content=\"image\/jpeg\" \/>\n<meta name=\"author\" content=\"Redaccion Bazar\" \/>\n<meta name=\"twitter:card\" content=\"summary_large_image\" \/>\n<meta name=\"twitter:label1\" content=\"Escrito por\" \/>\n\t<meta name=\"twitter:data1\" content=\"Redaccion Bazar\" \/>\n\t<meta name=\"twitter:label2\" content=\"Tiempo de lectura\" \/>\n\t<meta name=\"twitter:data2\" content=\"3 minutos\" \/>\n<script type=\"application\/ld+json\" class=\"yoast-schema-graph\">{\"@context\":\"https:\/\/schema.org\",\"@graph\":[{\"@type\":\"WebPage\",\"@id\":\"https:\/\/bazarinformativo.com\/index.php\/2024\/10\/09\/eps-celebra-35-anos-de-innovacion-y-compromiso-en-el-servicio-logistico\/\",\"url\":\"https:\/\/bazarinformativo.com\/index.php\/2024\/10\/09\/eps-celebra-35-anos-de-innovacion-y-compromiso-en-el-servicio-logistico\/\",\"name\":\"EPS celebra 35 A\u00f1os de innovaci\u00f3n y compromiso en el servicio log\u00edstico. - Bazar Informativo Mundo\",\"isPartOf\":{\"@id\":\"https:\/\/bazarinformativo.com\/#website\"},\"primaryImageOfPage\":{\"@id\":\"https:\/\/bazarinformativo.com\/index.php\/2024\/10\/09\/eps-celebra-35-anos-de-innovacion-y-compromiso-en-el-servicio-logistico\/#primaryimage\"},\"image\":{\"@id\":\"https:\/\/bazarinformativo.com\/index.php\/2024\/10\/09\/eps-celebra-35-anos-de-innovacion-y-compromiso-en-el-servicio-logistico\/#primaryimage\"},\"thumbnailUrl\":\"https:\/\/bazarinformativo.com\/wp-content\/uploads\/2024\/10\/Larissa-Savinon-Mercedes-Brador-Mariestela-Almonte-Ramon-Coste-scaled.jpg\",\"datePublished\":\"2024-10-10T00:57:11+00:00\",\"dateModified\":\"2024-10-10T00:57:11+00:00\",\"author\":{\"@id\":\"https:\/\/bazarinformativo.com\/#\/schema\/person\/9e8b2db2f7f278df35410d4d9b7e9139\"},\"description\":\"EPS marca un hito significativo al celebrar 35 a\u00f1os de innovaci\u00f3n y compromiso en el servicio log\u00edstic\",\"breadcrumb\":{\"@id\":\"https:\/\/bazarinformativo.com\/index.php\/2024\/10\/09\/eps-celebra-35-anos-de-innovacion-y-compromiso-en-el-servicio-logistico\/#breadcrumb\"},\"inLanguage\":\"es\",\"potentialAction\":[{\"@type\":\"ReadAction\",\"target\":[\"https:\/\/bazarinformativo.com\/index.php\/2024\/10\/09\/eps-celebra-35-anos-de-innovacion-y-compromiso-en-el-servicio-logistico\/\"]}]},{\"@type\":\"ImageObject\",\"inLanguage\":\"es\",\"@id\":\"https:\/\/bazarinformativo.com\/index.php\/2024\/10\/09\/eps-celebra-35-anos-de-innovacion-y-compromiso-en-el-servicio-logistico\/#primaryimage\",\"url\":\"https:\/\/bazarinformativo.com\/wp-content\/uploads\/2024\/10\/Larissa-Savinon-Mercedes-Brador-Mariestela-Almonte-Ramon-Coste-scaled.jpg\",\"contentUrl\":\"https:\/\/bazarinformativo.com\/wp-content\/uploads\/2024\/10\/Larissa-Savinon-Mercedes-Brador-Mariestela-Almonte-Ramon-Coste-scaled.jpg\",\"width\":2560,\"height\":1707},{\"@type\":\"BreadcrumbList\",\"@id\":\"https:\/\/bazarinformativo.com\/index.php\/2024\/10\/09\/eps-celebra-35-anos-de-innovacion-y-compromiso-en-el-servicio-logistico\/#breadcrumb\",\"itemListElement\":[{\"@type\":\"ListItem\",\"position\":1,\"name\":\"Portada\",\"item\":\"https:\/\/bazarinformativo.com\/\"},{\"@type\":\"ListItem\",\"position\":2,\"name\":\"EPS celebra 35 A\u00f1os de innovaci\u00f3n y compromiso en el servicio log\u00edstico.\"}]},{\"@type\":\"WebSite\",\"@id\":\"https:\/\/bazarinformativo.com\/#website\",\"url\":\"https:\/\/bazarinformativo.com\/\",\"name\":\"Bazar Informativo\",\"description\":\"Noticias en todo momento\",\"potentialAction\":[{\"@type\":\"SearchAction\",\"target\":{\"@type\":\"EntryPoint\",\"urlTemplate\":\"https:\/\/bazarinformativo.com\/?s={search_term_string}\"},\"query-input\":\"required name=search_term_string\"}],\"inLanguage\":\"es\"},{\"@type\":\"Person\",\"@id\":\"https:\/\/bazarinformativo.com\/#\/schema\/person\/9e8b2db2f7f278df35410d4d9b7e9139\",\"name\":\"Redaccion Bazar\",\"image\":{\"@type\":\"ImageObject\",\"inLanguage\":\"es\",\"@id\":\"https:\/\/bazarinformativo.com\/#\/schema\/person\/image\/\",\"url\":\"https:\/\/secure.gravatar.com\/avatar\/1f903fb8e2d1f095d62198c56af9a6495dbdb591b85a3619b4a5c4090d8fa045?s=96&d=mm&r=g\",\"contentUrl\":\"https:\/\/secure.gravatar.com\/avatar\/1f903fb8e2d1f095d62198c56af9a6495dbdb591b85a3619b4a5c4090d8fa045?s=96&d=mm&r=g\",\"caption\":\"Redaccion Bazar\"},\"sameAs\":[\"http:\/\/www.bazarinformativo.com\"],\"url\":\"https:\/\/bazarinformativo.com\/index.php\/author\/redaccion\/\"}]}<\/script>\n<!-- \/ Yoast SEO plugin. -->","yoast_head_json":{"title":"EPS celebra 35 A\u00f1os de innovaci\u00f3n y compromiso en el servicio log\u00edstico. - Bazar Informativo Mundo","description":"EPS marca un hito significativo al celebrar 35 a\u00f1os de innovaci\u00f3n y compromiso en el servicio log\u00edstic","robots":{"index":"index","follow":"follow","max-snippet":"max-snippet:-1","max-image-preview":"max-image-preview:large","max-video-preview":"max-video-preview:-1"},"canonical":"https:\/\/bazarinformativo.com\/index.php\/2024\/10\/09\/eps-celebra-35-anos-de-innovacion-y-compromiso-en-el-servicio-logistico\/","og_locale":"es_ES","og_type":"article","og_title":"EPS celebra 35 A\u00f1os de innovaci\u00f3n y compromiso en el servicio log\u00edstico. - Bazar Informativo Mundo","og_description":"EPS marca un hito significativo al celebrar 35 a\u00f1os de innovaci\u00f3n y compromiso en el servicio log\u00edstic","og_url":"https:\/\/bazarinformativo.com\/index.php\/2024\/10\/09\/eps-celebra-35-anos-de-innovacion-y-compromiso-en-el-servicio-logistico\/","og_site_name":"Bazar Informativo","article_published_time":"2024-10-10T00:57:11+00:00","og_image":[{"width":2560,"height":1707,"url":"https:\/\/bazarinformativo.com\/wp-content\/uploads\/2024\/10\/Larissa-Savinon-Mercedes-Brador-Mariestela-Almonte-Ramon-Coste-scaled.jpg","type":"image\/jpeg"}],"author":"Redaccion Bazar","twitter_card":"summary_large_image","twitter_misc":{"Escrito por":"Redaccion Bazar","Tiempo de lectura":"3 minutos"},"schema":{"@context":"https:\/\/schema.org","@graph":[{"@type":"WebPage","@id":"https:\/\/bazarinformativo.com\/index.php\/2024\/10\/09\/eps-celebra-35-anos-de-innovacion-y-compromiso-en-el-servicio-logistico\/","url":"https:\/\/bazarinformativo.com\/index.php\/2024\/10\/09\/eps-celebra-35-anos-de-innovacion-y-compromiso-en-el-servicio-logistico\/","name":"EPS celebra 35 A\u00f1os de innovaci\u00f3n y compromiso en el servicio log\u00edstico. - Bazar Informativo Mundo","isPartOf":{"@id":"https:\/\/bazarinformativo.com\/#website"},"primaryImageOfPage":{"@id":"https:\/\/bazarinformativo.com\/index.php\/2024\/10\/09\/eps-celebra-35-anos-de-innovacion-y-compromiso-en-el-servicio-logistico\/#primaryimage"},"image":{"@id":"https:\/\/bazarinformativo.com\/index.php\/2024\/10\/09\/eps-celebra-35-anos-de-innovacion-y-compromiso-en-el-servicio-logistico\/#primaryimage"},"thumbnailUrl":"https:\/\/bazarinformativo.com\/wp-content\/uploads\/2024\/10\/Larissa-Savinon-Mercedes-Brador-Mariestela-Almonte-Ramon-Coste-scaled.jpg","datePublished":"2024-10-10T00:57:11+00:00","dateModified":"2024-10-10T00:57:11+00:00","author":{"@id":"https:\/\/bazarinformativo.com\/#\/schema\/person\/9e8b2db2f7f278df35410d4d9b7e9139"},"description":"EPS marca un hito significativo al celebrar 35 a\u00f1os de innovaci\u00f3n y compromiso en el servicio log\u00edstic","breadcrumb":{"@id":"https:\/\/bazarinformativo.com\/index.php\/2024\/10\/09\/eps-celebra-35-anos-de-innovacion-y-compromiso-en-el-servicio-logistico\/#breadcrumb"},"inLanguage":"es","potentialAction":[{"@type":"ReadAction","target":["https:\/\/bazarinformativo.com\/index.php\/2024\/10\/09\/eps-celebra-35-anos-de-innovacion-y-compromiso-en-el-servicio-logistico\/"]}]},{"@type":"ImageObject","inLanguage":"es","@id":"https:\/\/bazarinformativo.com\/index.php\/2024\/10\/09\/eps-celebra-35-anos-de-innovacion-y-compromiso-en-el-servicio-logistico\/#primaryimage","url":"https:\/\/bazarinformativo.com\/wp-content\/uploads\/2024\/10\/Larissa-Savinon-Mercedes-Brador-Mariestela-Almonte-Ramon-Coste-scaled.jpg","contentUrl":"https:\/\/bazarinformativo.com\/wp-content\/uploads\/2024\/10\/Larissa-Savinon-Mercedes-Brador-Mariestela-Almonte-Ramon-Coste-scaled.jpg","width":2560,"height":1707},{"@type":"BreadcrumbList","@id":"https:\/\/bazarinformativo.com\/index.php\/2024\/10\/09\/eps-celebra-35-anos-de-innovacion-y-compromiso-en-el-servicio-logistico\/#breadcrumb","itemListElement":[{"@type":"ListItem","position":1,"name":"Portada","item":"https:\/\/bazarinformativo.com\/"},{"@type":"ListItem","position":2,"name":"EPS celebra 35 A\u00f1os de innovaci\u00f3n y compromiso en el servicio log\u00edstico."}]},{"@type":"WebSite","@id":"https:\/\/bazarinformativo.com\/#website","url":"https:\/\/bazarinformativo.com\/","name":"Bazar Informativo","description":"Noticias en todo momento","potentialAction":[{"@type":"SearchAction","target":{"@type":"EntryPoint","urlTemplate":"https:\/\/bazarinformativo.com\/?s={search_term_string}"},"query-input":"required name=search_term_string"}],"inLanguage":"es"},{"@type":"Person","@id":"https:\/\/bazarinformativo.com\/#\/schema\/person\/9e8b2db2f7f278df35410d4d9b7e9139","name":"Redaccion Bazar","image":{"@type":"ImageObject","inLanguage":"es","@id":"https:\/\/bazarinformativo.com\/#\/schema\/person\/image\/","url":"https:\/\/secure.gravatar.com\/avatar\/1f903fb8e2d1f095d62198c56af9a6495dbdb591b85a3619b4a5c4090d8fa045?s=96&d=mm&r=g","contentUrl":"https:\/\/secure.gravatar.com\/avatar\/1f903fb8e2d1f095d62198c56af9a6495dbdb591b85a3619b4a5c4090d8fa045?s=96&d=mm&r=g","caption":"Redaccion Bazar"},"sameAs":["http:\/\/www.bazarinformativo.com"],"url":"https:\/\/bazarinformativo.com\/index.php\/author\/redaccion\/"}]}},"jetpack_featured_media_url":"https:\/\/bazarinformativo.com\/wp-content\/uploads\/2024\/10\/Larissa-Savinon-Mercedes-Brador-Mariestela-Almonte-Ramon-Coste-scaled.jpg","jetpack_sharing_enabled":true,"_links":{"self":[{"href":"https:\/\/bazarinformativo.com\/index.php\/wp-json\/wp\/v2\/posts\/902","targetHints":{"allow":["GET"]}}],"collection":[{"href":"https:\/\/bazarinformativo.com\/index.php\/wp-json\/wp\/v2\/posts"}],"about":[{"href":"https:\/\/bazarinformativo.com\/index.php\/wp-json\/wp\/v2\/types\/post"}],"author":[{"embeddable":true,"href":"https:\/\/bazarinformativo.com\/index.php\/wp-json\/wp\/v2\/users\/2"}],"replies":[{"embeddable":true,"href":"https:\/\/bazarinformativo.com\/index.php\/wp-json\/wp\/v2\/comments?post=902"}],"version-history":[{"count":1,"href":"https:\/\/bazarinformativo.com\/index.php\/wp-json\/wp\/v2\/posts\/902\/revisions"}],"predecessor-version":[{"id":904,"href":"https:\/\/bazarinformativo.com\/index.php\/wp-json\/wp\/v2\/posts\/902\/revisions\/904"}],"wp:featuredmedia":[{"embeddable":true,"href":"https:\/\/bazarinformativo.com\/index.php\/wp-json\/wp\/v2\/media\/903"}],"wp:attachment":[{"href":"https:\/\/bazarinformativo.com\/index.php\/wp-json\/wp\/v2\/media?parent=902"}],"wp:term":[{"taxonomy":"category","embeddable":true,"href":"https:\/\/bazarinformativo.com\/index.php\/wp-json\/wp\/v2\/categories?post=902"},{"taxonomy":"post_tag","embeddable":true,"href":"https:\/\/bazarinformativo.com\/index.php\/wp-json\/wp\/v2\/tags?post=902"}],"curies":[{"name":"wp","href":"https:\/\/api.w.org\/{rel}","templated":true}]}}